{"id":14742,"date":"2026-09-04T06:10:46","date_gmt":"2026-09-04T10:10:46","guid":{"rendered":"https:\/\/diarionews.com.br\/?p=14742"},"modified":"2026-09-04T06:10:48","modified_gmt":"2026-09-04T10:10:48","slug":"caminhao-com-60-cabecas-de-gado-tomba-e-tres-animais-morrem-em-nova-monte-verde","status":"publish","type":"post","link":"https:\/\/diarionews.com.br\/?p=14742","title":{"rendered":"Caminh\u00e3o com 60 cabe\u00e7as de gado tomba e tr\u00eas animais morrem em Nova Monte Verde"},"content":{"rendered":"\n<p>Um caminh\u00e3o Volvo FH 460 que transportava 60 cabe\u00e7as de gado tombou por volta das 10h15 desta quinta-feira (3), na regi\u00e3o da Vila S\u00e3o Jos\u00e9 do Apuy, pr\u00f3ximo ao ponto conhecido como Duas Castanheiras, em Nova Monte Verde. O acidente ocorreu em uma estrada n\u00e3o pavimentada, estreita e em um trecho de subida. Tr\u00eas animais morreram em decorr\u00eancia do tombamento.<\/p>\n\n\n\n<p>Segundo o relato prestado pelo condutor \u00e0 Pol\u00edcia Militar, ele seguia pela estrada quando precisou realizar uma manobra para dar passagem a outro ve\u00edculo. A movimenta\u00e7\u00e3o ocorreu nas proximidades de uma curva e, durante a manobra, a carreta tombou para o lado direito. Na sequ\u00eancia, o cavalo mec\u00e2nico tamb\u00e9m tombou.<\/p>\n\n\n\n<p>O motorista informou aos policiais que apresentou incha\u00e7o na regi\u00e3o da cabe\u00e7a e dores nas costas, no peito e no antebra\u00e7o ap\u00f3s o acidente. Ele foi orientado pela guarni\u00e7\u00e3o a procurar atendimento m\u00e9dico na Unidade B\u00e1sica de Sa\u00fade (UBS) local para avalia\u00e7\u00e3o.<\/p>\n\n\n\n<p>Duas pessoas compareceram posteriormente ao 2\u00ba Pelot\u00e3o de Nova Monte Verde para solicitar o registro da ocorr\u00eancia de tr\u00e2nsito. A Pol\u00edcia Militar confeccionou o Boletim de Ocorr\u00eancia de Tr\u00e2nsito (BOPM) para registro e demais provid\u00eancias cab\u00edveis.<\/p>\n\n\n\n<p>A ocorr\u00eancia foi registrada com base nas informa\u00e7\u00f5es fornecidas pelo condutor. Conforme consta no documento policial, a guarni\u00e7\u00e3o n\u00e3o presenciou o acidente e tamb\u00e9m n\u00e3o compareceu ao local dos fatos. Por esse motivo, as circunst\u00e2ncias do tombamento foram registradas a partir do relato apresentado posteriormente pelo motorista.<\/p>\n","protected":false},"excerpt":{"rendered":"<p>Um caminh\u00e3o Volvo FH 460 que transportava 60 cabe\u00e7as de gado tombou por volta das 10h15 desta quinta-feira (3), na regi\u00e3o da Vila S\u00e3o Jos\u00e9 do Apuy, pr\u00f3ximo ao ponto conhecido como Duas Castanheiras, em Nova Monte Verde. O acidente ocorreu em uma estrada n\u00e3o pavimentada, estreita e em um trecho de subida. Tr\u00eas animais [&hellip;]<\/p>\n","protected":false},"author":3,"featured_media":4933,"comment_status":"open","ping_status":"open","sticky":false,"template":"","format":"standard","meta":{"footnotes":""},"categories":[21,14],"tags":[956],"class_list":["post-14742","post","type-post","status-publish","format-standard","has-post-thumbnail","hentry","category-regiao","category-policia","tag-importante"],"_links":{"self":[{"href":"https:\/\/diarionews.com.br\/index.php?rest_route=\/wp\/v2\/posts\/14742","targetHints":{"allow":["GET"]}}],"collection":[{"href":"https:\/\/diarionews.com.br\/index.php?rest_route=\/wp\/v2\/posts"}],"about":[{"href":"https:\/\/diarionews.com.br\/index.php?rest_route=\/wp\/v2\/types\/post"}],"author":[{"embeddable":true,"href":"https:\/\/diarionews.com.br\/index.php?rest_route=\/wp\/v2\/users\/3"}],"replies":[{"embeddable":true,"href":"https:\/\/diarionews.com.br\/index.php?rest_route=%2Fwp%2Fv2%2Fcomments&post=14742"}],"version-history":[{"count":1,"href":"https:\/\/diarionews.com.br\/index.php?rest_route=\/wp\/v2\/posts\/14742\/revisions"}],"predecessor-version":[{"id":14743,"href":"https:\/\/diarionews.com.br\/index.php?rest_route=\/wp\/v2\/posts\/14742\/revisions\/14743"}],"wp:featuredmedia":[{"embeddable":true,"href":"https:\/\/diarionews.com.br\/index.php?rest_route=\/wp\/v2\/media\/4933"}],"wp:attachment":[{"href":"https:\/\/diarionews.com.br\/index.php?rest_route=%2Fwp%2Fv2%2Fmedia&parent=14742"}],"wp:term":[{"taxonomy":"category","embeddable":true,"href":"https:\/\/diarionews.com.br\/index.php?rest_route=%2Fwp%2Fv2%2Fcategories&post=14742"},{"taxonomy":"post_tag","embeddable":true,"href":"https:\/\/diarionews.com.br\/index.php?rest_route=%2Fwp%2Fv2%2Ftags&post=14742"}],"curies":[{"name":"wp","href":"https:\/\/api.w.org\/{rel}","templated":true}]}}