{"id":14733,"date":"2026-09-04T14:52:00","date_gmt":"2026-09-04T18:52:00","guid":{"rendered":"https:\/\/diarionews.com.br\/?p=14733"},"modified":"2026-09-04T05:54:56","modified_gmt":"2026-09-04T09:54:56","slug":"brasil-ameaca-retaliar-ue-caso-embargo-as-carnes-nao-seja-revertido","status":"publish","type":"post","link":"https:\/\/diarionews.com.br\/?p=14733","title":{"rendered":"Brasil amea\u00e7a retaliar UE caso embargo \u00e0s carnes n\u00e3o seja revertido"},"content":{"rendered":"\n<p>O governo brasileiro amea\u00e7ou adotar medidas de reciprocidade contra a Uni\u00e3o Europeia caso as negocia\u00e7\u00f5es para reverter as restri\u00e7\u00f5es \u00e0 entrada de produtos de origem animal do Brasil n\u00e3o produzam uma solu\u00e7\u00e3o satisfat\u00f3ria. A posi\u00e7\u00e3o foi divulgada nesta quinta-feira (3), em nota conjunta do Minist\u00e9rio da Agricultura e Pecu\u00e1ria (Mapa) e do Minist\u00e9rio das Rela\u00e7\u00f5es Exteriores (MRE), mesmo dia em que as restri\u00e7\u00f5es europeias come\u00e7aram a vigorar.<\/p>\n\n\n\n<p>A medida da Uni\u00e3o Europeia atinge produtos brasileiros de prote\u00edna animal, entre eles carne bovina, carne de aves, pescados, ovos e mel. Segundo informa\u00e7\u00f5es divulgadas pelo governo e pela Reuters, as exporta\u00e7\u00f5es afetadas foram avaliadas em aproximadamente US$ 1,84 bilh\u00e3o em 2025. A Uni\u00e3o Europeia justifica as restri\u00e7\u00f5es pela necessidade de obter garantias sobre o cumprimento das regras do bloco relacionadas ao uso de subst\u00e2ncias antimicrobianas na produ\u00e7\u00e3o animal.<\/p>\n\n\n\n<p>O governo brasileiro afirmou que mant\u00e9m contato cont\u00ednuo com as autoridades europeias e com os setores produtivos para preservar os fluxos comerciais. Bras\u00edlia tamb\u00e9m sustenta que adotou as medidas necess\u00e1rias para atender aos requisitos estabelecidos pelo bloco e encaminhou documenta\u00e7\u00e3o e informa\u00e7\u00f5es t\u00e9cnicas sobre as cadeias de carne de aves, pescados, carne bovina, ovos e mel. O Brasil ainda aceitou a realiza\u00e7\u00e3o de auditorias solicitadas pela Uni\u00e3o Europeia nas cadeias de aves e mel.<\/p>\n\n\n\n<p>Na nota, o governo manifestou \u201cprofunda preocupa\u00e7\u00e3o\u201d com a entrada em vigor das restri\u00e7\u00f5es e criticou a aus\u00eancia de di\u00e1logo pr\u00e9vio antes da decis\u00e3o europeia. Segundo o comunicado, a postura n\u00e3o seria compat\u00edvel com a dimens\u00e3o da parceria estrat\u00e9gica entre Brasil e Uni\u00e3o Europeia. O governo brasileiro afirmou que continuar\u00e1 buscando uma solu\u00e7\u00e3o negociada, mas deixou aberta a possibilidade de rea\u00e7\u00e3o comercial.<\/p>\n\n\n\n<p>\u201cCaso as tratativas n\u00e3o conduzam tempestivamente a uma solu\u00e7\u00e3o satisfat\u00f3ria, o governo brasileiro reserva-se o direito de recorrer aos instrumentos cab\u00edveis para assegurar condi\u00e7\u00f5es equilibradas de com\u00e9rcio\u201d, afirmou o governo na nota. Entre os mecanismos citados est\u00e3o as medidas de reciprocidade previstas na legisla\u00e7\u00e3o brasileira, instrumentos estabelecidos no Acordo Mercosul-Uni\u00e3o Europeia e recursos dispon\u00edveis no sistema multilateral de com\u00e9rcio.<\/p>\n\n\n\n<p>O Brasil tamb\u00e9m argumenta que os produtos atingidos pelas novas restri\u00e7\u00f5es haviam sido inclu\u00eddos em cotas e redu\u00e7\u00f5es tarif\u00e1rias negociadas com a Uni\u00e3o Europeia. Na avalia\u00e7\u00e3o do governo, a retirada dessas mercadorias do mercado europeu anula parte importante dos ganhos conquistados pelo pa\u00eds durante as negocia\u00e7\u00f5es comerciais entre os dois blocos.<\/p>\n\n\n\n<p>As tratativas continuam e podem produzir resultados diferentes conforme o produto. A realiza\u00e7\u00e3o de auditorias nas cadeias brasileiras de aves e mel \u00e9 vista como uma possibilidade de avan\u00e7o para a revis\u00e3o das restri\u00e7\u00f5es nesses segmentos. A situa\u00e7\u00e3o da carne bovina, por\u00e9m, tende a exigir um processo mais longo de avalia\u00e7\u00e3o pelas autoridades europeias.<\/p>\n\n\n\n<p>A entrada em vigor do embargo coloca sob press\u00e3o uma rela\u00e7\u00e3o comercial considerada estrat\u00e9gica para o agroneg\u00f3cio brasileiro. Enquanto o governo tenta reverter a decis\u00e3o por meio de negocia\u00e7\u00f5es t\u00e9cnicas e diplom\u00e1ticas, representantes do setor produtivo pressionam por uma solu\u00e7\u00e3o r\u00e1pida e avaliam poss\u00edveis impactos sobre exportadores. Caso n\u00e3o haja avan\u00e7o nas tratativas, Bras\u00edlia sinaliza que poder\u00e1 recorrer a mecanismos de reciprocidade para responder \u00e0s restri\u00e7\u00f5es europeias.<\/p>\n","protected":false},"excerpt":{"rendered":"<p>O governo brasileiro amea\u00e7ou adotar medidas de reciprocidade contra a Uni\u00e3o Europeia caso as negocia\u00e7\u00f5es para reverter as restri\u00e7\u00f5es \u00e0 entrada de produtos de origem animal do Brasil n\u00e3o produzam uma solu\u00e7\u00e3o satisfat\u00f3ria. A posi\u00e7\u00e3o foi divulgada nesta quinta-feira (3), em nota conjunta do Minist\u00e9rio da Agricultura e Pecu\u00e1ria (Mapa) e do Minist\u00e9rio das Rela\u00e7\u00f5es [&hellip;]<\/p>\n","protected":false},"author":3,"featured_media":14734,"comment_status":"open","ping_status":"open","sticky":false,"template":"","format":"standard","meta":{"footnotes":""},"categories":[11],"tags":[],"class_list":["post-14733","post","type-post","status-publish","format-standard","has-post-thumbnail","hentry","category-mundo"],"_links":{"self":[{"href":"https:\/\/diarionews.com.br\/index.php?rest_route=\/wp\/v2\/posts\/14733","targetHints":{"allow":["GET"]}}],"collection":[{"href":"https:\/\/diarionews.com.br\/index.php?rest_route=\/wp\/v2\/posts"}],"about":[{"href":"https:\/\/diarionews.com.br\/index.php?rest_route=\/wp\/v2\/types\/post"}],"author":[{"embeddable":true,"href":"https:\/\/diarionews.com.br\/index.php?rest_route=\/wp\/v2\/users\/3"}],"replies":[{"embeddable":true,"href":"https:\/\/diarionews.com.br\/index.php?rest_route=%2Fwp%2Fv2%2Fcomments&post=14733"}],"version-history":[{"count":1,"href":"https:\/\/diarionews.com.br\/index.php?rest_route=\/wp\/v2\/posts\/14733\/revisions"}],"predecessor-version":[{"id":14735,"href":"https:\/\/diarionews.com.br\/index.php?rest_route=\/wp\/v2\/posts\/14733\/revisions\/14735"}],"wp:featuredmedia":[{"embeddable":true,"href":"https:\/\/diarionews.com.br\/index.php?rest_route=\/wp\/v2\/media\/14734"}],"wp:attachment":[{"href":"https:\/\/diarionews.com.br\/index.php?rest_route=%2Fwp%2Fv2%2Fmedia&parent=14733"}],"wp:term":[{"taxonomy":"category","embeddable":true,"href":"https:\/\/diarionews.com.br\/index.php?rest_route=%2Fwp%2Fv2%2Fcategories&post=14733"},{"taxonomy":"post_tag","embeddable":true,"href":"https:\/\/diarionews.com.br\/index.php?rest_route=%2Fwp%2Fv2%2Ftags&post=14733"}],"curies":[{"name":"wp","href":"https:\/\/api.w.org\/{rel}","templated":true}]}}