{"id":14731,"date":"2026-09-04T05:52:04","date_gmt":"2026-09-04T09:52:04","guid":{"rendered":"https:\/\/diarionews.com.br\/?p=14731"},"modified":"2026-09-04T05:52:07","modified_gmt":"2026-09-04T09:52:07","slug":"frente-fria-avanca-e-muda-o-tempo-em-varias-regioes-do-brasil","status":"publish","type":"post","link":"https:\/\/diarionews.com.br\/?p=14731","title":{"rendered":"Frente fria avan\u00e7a e muda o tempo em v\u00e1rias regi\u00f5es do Brasil"},"content":{"rendered":"\n<p>Uma frente fria deve provocar mudan\u00e7as nas condi\u00e7\u00f5es do tempo em diferentes \u00e1reas do Brasil nesta sexta-feira (4) e no s\u00e1bado (5). A previs\u00e3o mais recente do Instituto Nacional de Meteorologia (INMET) indica aumento da instabilidade em partes do Centro-Oeste, Sudeste e Sul, com possibilidade de tempestades. O sistema \u00e9 acompanhado por \u00e1reas de baixa press\u00e3o e por um canal de umidade que favorece a forma\u00e7\u00e3o de chuva.<\/p>\n\n\n\n<p>No Centro-Oeste, a sexta-feira ainda ser\u00e1 marcada por temperaturas elevadas, mas h\u00e1 previs\u00e3o de pancadas de chuva e trovoadas em \u00e1reas de Mato Grosso, Goi\u00e1s e Distrito Federal. O sistema tamb\u00e9m influencia o tempo em partes do Norte, com possibilidade de chuva e trovoadas em Rond\u00f4nia, Amazonas e no sudoeste do Par\u00e1. Em algumas localidades, por\u00e9m, o calor continua intenso.<\/p>\n\n\n\n<p>No Sudeste, a passagem da frente fria aumenta a nebulosidade e favorece a ocorr\u00eancia de chuvas e tempestades. Em S\u00e3o Paulo, a mudan\u00e7a nas condi\u00e7\u00f5es do tempo ser\u00e1 acompanhada por queda das temperaturas ao longo do fim de semana. Na capital paulista, a sexta-feira ainda pode registrar m\u00e1xima pr\u00f3xima de 28\u00b0C, mas a chegada do ar frio dever\u00e1 reduzir significativamente as temperaturas nos dias seguintes.<\/p>\n\n\n\n<p>A Regi\u00e3o Sul tamb\u00e9m ter\u00e1 mudan\u00e7as importantes. A atua\u00e7\u00e3o de \u00e1reas de baixa press\u00e3o mant\u00e9m a instabilidade, enquanto a aproxima\u00e7\u00e3o de uma \u00e1rea de alta press\u00e3o pelo Rio Grande do Sul favorece a estabiliza\u00e7\u00e3o do tempo principalmente no centro-sul do estado. Com a entrada do ar frio, as temperaturas voltam a cair, aumentando a sensa\u00e7\u00e3o de frio durante o fim de semana.<\/p>\n\n\n\n<p>O INMET mant\u00e9m aviso amarelo de perigo potencial para tempestades em \u00e1reas dos estados do Centro-Oeste, Sudeste e Sul. O cen\u00e1rio envolve possibilidade de chuva forte, ventos intensos e ocorr\u00eancia de descargas el\u00e9tricas em pontos mais inst\u00e1veis. A popula\u00e7\u00e3o deve acompanhar as atualiza\u00e7\u00f5es dos \u00f3rg\u00e3os de meteorologia, principalmente nas \u00e1reas onde houver forma\u00e7\u00e3o de tempestades.<\/p>\n\n\n\n<p>A mudan\u00e7a ocorre em um m\u00eas que, segundo a previs\u00e3o clim\u00e1tica do INMET, tende a apresentar volumes de chuva acima da m\u00e9dia hist\u00f3rica em \u00e1reas do Centro-Oeste, Sudeste e Sul. Em contrapartida, setores do Norte e do Nordeste devem registrar chuvas abaixo da m\u00e9dia. Para setembro, o instituto tamb\u00e9m prev\u00ea temperaturas acima da m\u00e9dia em grande parte do territ\u00f3rio nacional, mostrando que a passagem desta frente fria n\u00e3o representa, necessariamente, uma mudan\u00e7a prolongada para um padr\u00e3o de frio em todo o pa\u00eds.<\/p>\n","protected":false},"excerpt":{"rendered":"<p>Uma frente fria deve provocar mudan\u00e7as nas condi\u00e7\u00f5es do tempo em diferentes \u00e1reas do Brasil nesta sexta-feira (4) e no s\u00e1bado (5). A previs\u00e3o mais recente do Instituto Nacional de Meteorologia (INMET) indica aumento da instabilidade em partes do Centro-Oeste, Sudeste e Sul, com possibilidade de tempestades. O sistema \u00e9 acompanhado por \u00e1reas de baixa [&hellip;]<\/p>\n","protected":false},"author":3,"featured_media":12480,"comment_status":"open","ping_status":"open","sticky":false,"template":"","format":"standard","meta":{"footnotes":""},"categories":[12],"tags":[],"class_list":["post-14731","post","type-post","status-publish","format-standard","has-post-thumbnail","hentry","category-nacionais"],"_links":{"self":[{"href":"https:\/\/diarionews.com.br\/index.php?rest_route=\/wp\/v2\/posts\/14731","targetHints":{"allow":["GET"]}}],"collection":[{"href":"https:\/\/diarionews.com.br\/index.php?rest_route=\/wp\/v2\/posts"}],"about":[{"href":"https:\/\/diarionews.com.br\/index.php?rest_route=\/wp\/v2\/types\/post"}],"author":[{"embeddable":true,"href":"https:\/\/diarionews.com.br\/index.php?rest_route=\/wp\/v2\/users\/3"}],"replies":[{"embeddable":true,"href":"https:\/\/diarionews.com.br\/index.php?rest_route=%2Fwp%2Fv2%2Fcomments&post=14731"}],"version-history":[{"count":1,"href":"https:\/\/diarionews.com.br\/index.php?rest_route=\/wp\/v2\/posts\/14731\/revisions"}],"predecessor-version":[{"id":14732,"href":"https:\/\/diarionews.com.br\/index.php?rest_route=\/wp\/v2\/posts\/14731\/revisions\/14732"}],"wp:featuredmedia":[{"embeddable":true,"href":"https:\/\/diarionews.com.br\/index.php?rest_route=\/wp\/v2\/media\/12480"}],"wp:attachment":[{"href":"https:\/\/diarionews.com.br\/index.php?rest_route=%2Fwp%2Fv2%2Fmedia&parent=14731"}],"wp:term":[{"taxonomy":"category","embeddable":true,"href":"https:\/\/diarionews.com.br\/index.php?rest_route=%2Fwp%2Fv2%2Fcategories&post=14731"},{"taxonomy":"post_tag","embeddable":true,"href":"https:\/\/diarionews.com.br\/index.php?rest_route=%2Fwp%2Fv2%2Ftags&post=14731"}],"curies":[{"name":"wp","href":"https:\/\/api.w.org\/{rel}","templated":true}]}}