{"id":14725,"date":"2026-09-04T11:45:00","date_gmt":"2026-09-04T15:45:00","guid":{"rendered":"https:\/\/diarionews.com.br\/?p=14725"},"modified":"2026-09-05T21:33:55","modified_gmt":"2026-09-06T01:33:55","slug":"lula-cobra-investigacao-do-caso-master-e-critica-vazamentos-seletivos","status":"publish","type":"post","link":"https:\/\/diarionews.com.br\/?p=14725","title":{"rendered":"Lula cobra investiga\u00e7\u00e3o do caso Master e critica \u201cvazamentos seletivos\u201d"},"content":{"rendered":"\n<p>O presidente Luiz In\u00e1cio Lula da Silva se pronunciou na quinta-feira (3) sobre a crise envolvendo o Banco Master e o Supremo Tribunal Federal (STF). Em v\u00eddeo divulgado nas redes sociais, Lula defendeu que todos os envolvidos nas suspeitas relacionadas ao caso sejam investigados, sem privil\u00e9gios, e afirmou que o Brasil precisa preservar a credibilidade das institui\u00e7\u00f5es. O presidente tamb\u00e9m criticou a divulga\u00e7\u00e3o de informa\u00e7\u00f5es de forma seletiva durante as investiga\u00e7\u00f5es.<\/p>\n\n\n\n<p>Lula classificou o esc\u00e2ndalo do Banco Master como \u201co maior roubo da hist\u00f3ria do Brasil\u201d e afirmou que milh\u00f5es de pessoas de diferentes estados e munic\u00edpios foram prejudicadas. Segundo o presidente, o ex-banqueiro Daniel Vorcaro, apontado nas investiga\u00e7\u00f5es como l\u00edder do esquema, mantinha rela\u00e7\u00f5es com pessoas poderosas. Lula ressaltou ainda que a pris\u00e3o de Vorcaro e o fechamento do banco ocorreram durante seu governo.<\/p>\n\n\n\n<p>O presidente tamb\u00e9m afirmou que existem suspeitas envolvendo pol\u00edticos e agentes p\u00fablicos e defendeu uma apura\u00e7\u00e3o sem prote\u00e7\u00e3o a qualquer pessoa. \u201c\u00c9 fundamental que se investigue todo mundo, sem blindagem de ningu\u00e9m, doa a quem doer. O povo brasileiro tem o direito de saber a verdade\u201d, declarou. Lula pediu ainda que o presidente do STF, ministro Edson Fachin, e o procurador-geral da Rep\u00fablica, Paulo Gonet, liderem um processo capaz de garantir a integridade e a confian\u00e7a nas investiga\u00e7\u00f5es.<\/p>\n\n\n\n<p>A declara\u00e7\u00e3o ocorreu em meio ao agravamento da crise dentro do Supremo. Na ter\u00e7a-feira (1\u00ba), o ministro Andr\u00e9 Mendon\u00e7a retirou o sigilo de informa\u00e7\u00f5es relacionadas \u00e0 investiga\u00e7\u00e3o da Pol\u00edcia Federal sobre as rela\u00e7\u00f5es entre Vorcaro e autoridades. J\u00e1 na quinta-feira (3), Alexandre de Moraes encaminhou a Fachin um pedido de provid\u00eancias contra Mendon\u00e7a, alegando poss\u00edveis irregularidades na condu\u00e7\u00e3o de atos relacionados ao caso.<\/p>\n\n\n\n<p>As investiga\u00e7\u00f5es tamb\u00e9m trouxeram \u00e0 tona mensagens atribu\u00eddas a Daniel Vorcaro e informa\u00e7\u00f5es sobre contatos com autoridades. Entre os epis\u00f3dios divulgados est\u00e3o relatos sobre tentativas do ex-banqueiro de buscar aux\u00edlio em quest\u00f5es relacionadas \u00e0 situa\u00e7\u00e3o jur\u00eddica do Banco Master, al\u00e9m de informa\u00e7\u00f5es envolvendo o escrit\u00f3rio da advogada Viviane Barci de Moraes, esposa de Alexandre de Moraes. As circunst\u00e2ncias permanecem sob investiga\u00e7\u00e3o e as informa\u00e7\u00f5es divulgadas n\u00e3o representam, isoladamente, condena\u00e7\u00e3o ou comprova\u00e7\u00e3o definitiva de crimes.<\/p>\n\n\n\n<p>Ao abordar a crise, Lula afirmou que \u201cnossa democracia n\u00e3o pode ficar ref\u00e9m de vazamentos seletivos\u201d e defendeu mudan\u00e7as nas estruturas do pa\u00eds. Para o presidente, o momento demonstra que os sistemas pol\u00edtico e Judici\u00e1rio precisam de \u201creformas profundas\u201d. Ele tamb\u00e9m afirmou que agentes p\u00fablicos devem colocar o compromisso com o interesse p\u00fablico acima de interesses individuais.<\/p>\n\n\n\n<p>A manifesta\u00e7\u00e3o de Lula ocorre \u00e0s v\u00e9speras das elei\u00e7\u00f5es de 2026 e em um momento de forte tens\u00e3o entre integrantes do STF, al\u00e9m de questionamentos sobre a atua\u00e7\u00e3o de autoridades no caso Master. O presidente afirmou que a sociedade tem direito \u00e0 verdade e que a investiga\u00e7\u00e3o precisa ser conduzida com firmeza e transpar\u00eancia, sem blindagem ou tratamento diferenciado para qualquer dos envolvidos.<\/p>\n","protected":false},"excerpt":{"rendered":"<p>O presidente Luiz In\u00e1cio Lula da Silva se pronunciou na quinta-feira (3) sobre a crise envolvendo o Banco Master e o Supremo Tribunal Federal (STF). Em v\u00eddeo divulgado nas redes sociais, Lula defendeu que todos os envolvidos nas suspeitas relacionadas ao caso sejam investigados, sem privil\u00e9gios, e afirmou que o Brasil precisa preservar a credibilidade [&hellip;]<\/p>\n","protected":false},"author":3,"featured_media":14726,"comment_status":"open","ping_status":"open","sticky":false,"template":"","format":"standard","meta":{"footnotes":""},"categories":[19],"tags":[],"class_list":["post-14725","post","type-post","status-publish","format-standard","has-post-thumbnail","hentry","category-politica"],"_links":{"self":[{"href":"https:\/\/diarionews.com.br\/index.php?rest_route=\/wp\/v2\/posts\/14725","targetHints":{"allow":["GET"]}}],"collection":[{"href":"https:\/\/diarionews.com.br\/index.php?rest_route=\/wp\/v2\/posts"}],"about":[{"href":"https:\/\/diarionews.com.br\/index.php?rest_route=\/wp\/v2\/types\/post"}],"author":[{"embeddable":true,"href":"https:\/\/diarionews.com.br\/index.php?rest_route=\/wp\/v2\/users\/3"}],"replies":[{"embeddable":true,"href":"https:\/\/diarionews.com.br\/index.php?rest_route=%2Fwp%2Fv2%2Fcomments&post=14725"}],"version-history":[{"count":1,"href":"https:\/\/diarionews.com.br\/index.php?rest_route=\/wp\/v2\/posts\/14725\/revisions"}],"predecessor-version":[{"id":14727,"href":"https:\/\/diarionews.com.br\/index.php?rest_route=\/wp\/v2\/posts\/14725\/revisions\/14727"}],"wp:featuredmedia":[{"embeddable":true,"href":"https:\/\/diarionews.com.br\/index.php?rest_route=\/wp\/v2\/media\/14726"}],"wp:attachment":[{"href":"https:\/\/diarionews.com.br\/index.php?rest_route=%2Fwp%2Fv2%2Fmedia&parent=14725"}],"wp:term":[{"taxonomy":"category","embeddable":true,"href":"https:\/\/diarionews.com.br\/index.php?rest_route=%2Fwp%2Fv2%2Fcategories&post=14725"},{"taxonomy":"post_tag","embeddable":true,"href":"https:\/\/diarionews.com.br\/index.php?rest_route=%2Fwp%2Fv2%2Ftags&post=14725"}],"curies":[{"name":"wp","href":"https:\/\/api.w.org\/{rel}","templated":true}]}}