{"id":14710,"date":"2026-09-04T05:30:37","date_gmt":"2026-09-04T09:30:37","guid":{"rendered":"https:\/\/diarionews.com.br\/?p=14710"},"modified":"2026-09-04T05:30:40","modified_gmt":"2026-09-04T09:30:40","slug":"homem-mata-companheira-atira-contra-o-filho-e-morre-em-confronto-com-a-policia-em-mt","status":"publish","type":"post","link":"https:\/\/diarionews.com.br\/?p=14710","title":{"rendered":"Homem mata companheira, atira contra o filho e morre em confronto com a pol\u00edcia em MT"},"content":{"rendered":"\n<p>Uma discuss\u00e3o em uma fazenda na zona rural de Araguaiana (MT), na noite desta quarta-feira (2), terminou com a morte de Suenilda Vieira, de 37 anos, assassinada a tiros pelo pr\u00f3prio companheiro, F\u00e1bio J\u00fanior Janu\u00e1rio Dias, de 42 anos. O filho do casal tamb\u00e9m foi baleado na perna, mas passa bem, e o agressor morreu ap\u00f3s trocar tiros com a pol\u00edcia durante a fuga.<\/p>\n\n\n\n<ul class=\"wp-block-list\">\n<li>F\u00e1bio Dias (42) matou Suenilda Vieira (37) a tiros nesta quarta-feira (2) em Araguaiana (MT). Ele feriu o filho e morreu em confronto com policiais.<\/li>\n\n\n\n<li>Para tentar defender a m\u00e3e, o filho entrou em luta f\u00edsica com o pai. O suspeito fugiu em um trator roubado para uma fazenda vizinha.<\/li>\n\n\n\n<li>Ap\u00f3s buscas em \u00e1rea de mata, o agressor disparou contra os policiais. Ele foi atingido no revide, faleceu no local e teve a arma apreendida.<\/li>\n<\/ul>\n\n\n\n<p>A Pol\u00edcia Militar foi acionada inicialmente para conter um homem armado e supostamente embriagado que estaria atirando contra o filho. No caminho para o atendimento, as equipes receberam novos chamados informando que a situa\u00e7\u00e3o havia escalado para um feminic\u00eddio: Suenilda faleceu no local.<\/p>\n\n\n\n<h3 class=\"wp-block-heading\">FILHO TENTA DEFENDER A M\u00c3E<\/h3>\n\n\n\n<p>Para tentar proteger a m\u00e3e, o jovem entrou em luta corporal com o pai e conseguiu feri-lo levemente com uma faca. Outra filha do casal tamb\u00e9m foi alvo dos disparos, mas conseguiu correr e escapar ilesa.<\/p>\n\n\n\n<p>Ainda durante a noite, ap\u00f3s o confronto f\u00edsico, o suspeito roubou um trator e fugiu em dire\u00e7\u00e3o a uma fazenda vizinha.<\/p>\n\n\n\n<h3 class=\"wp-block-heading\">PERSEGUI\u00c7\u00c3O E CONFRONTO<\/h3>\n\n\n\n<p>Policiais militares e equipes de sa\u00fade se mobilizaram para cercar a propriedade onde o homem havia se escondido. Na sede da fazenda, os agentes encontraram marcas de sangue e ind\u00edcios de que ele havia se escondido em um dos quartos antes de fugir a p\u00e9 para uma \u00e1rea de mata fechada.<\/p>\n\n\n\n<p>As buscas avan\u00e7aram pela madrugada com o apoio de lanternas. O suspeito foi localizado acuado perto de uma cerca e, ao notar a aproxima\u00e7\u00e3o dos policiais, abriu fogo contra a equipe. No revide, ele foi atingido.<\/p>\n\n\n\n<p>Uma equipe m\u00e9dica foi acionada imediatamente, mas o \u00f3bito foi confirmado ainda na mata. Com ele, os policiais apreenderam uma espingarda calibre 36, al\u00e9m de muni\u00e7\u00f5es.<\/p>\n\n\n\n<p>A \u00e1rea foi isolada para o trabalho da Pol\u00edcia Civil e da Politec (Per\u00edcia Oficial e Identifica\u00e7\u00e3o T\u00e9cnica). O caso agora \u00e9 investigado para esclarecer todos os detalhes da ocorr\u00eancia.<\/p>\n\n\n\n<p><\/p>\n\n\n\n<p>InteriorNews<\/p>\n","protected":false},"excerpt":{"rendered":"<p>Uma discuss\u00e3o em uma fazenda na zona rural de Araguaiana (MT), na noite desta quarta-feira (2), terminou com a morte de Suenilda Vieira, de 37 anos, assassinada a tiros pelo pr\u00f3prio companheiro, F\u00e1bio J\u00fanior Janu\u00e1rio Dias, de 42 anos. O filho do casal tamb\u00e9m foi baleado na perna, mas passa bem, e o agressor morreu [&hellip;]<\/p>\n","protected":false},"author":3,"featured_media":10019,"comment_status":"open","ping_status":"open","sticky":false,"template":"","format":"standard","meta":{"footnotes":""},"categories":[18,14],"tags":[],"class_list":["post-14710","post","type-post","status-publish","format-standard","has-post-thumbnail","hentry","category-estaduais","category-policia"],"_links":{"self":[{"href":"https:\/\/diarionews.com.br\/index.php?rest_route=\/wp\/v2\/posts\/14710","targetHints":{"allow":["GET"]}}],"collection":[{"href":"https:\/\/diarionews.com.br\/index.php?rest_route=\/wp\/v2\/posts"}],"about":[{"href":"https:\/\/diarionews.com.br\/index.php?rest_route=\/wp\/v2\/types\/post"}],"author":[{"embeddable":true,"href":"https:\/\/diarionews.com.br\/index.php?rest_route=\/wp\/v2\/users\/3"}],"replies":[{"embeddable":true,"href":"https:\/\/diarionews.com.br\/index.php?rest_route=%2Fwp%2Fv2%2Fcomments&post=14710"}],"version-history":[{"count":1,"href":"https:\/\/diarionews.com.br\/index.php?rest_route=\/wp\/v2\/posts\/14710\/revisions"}],"predecessor-version":[{"id":14711,"href":"https:\/\/diarionews.com.br\/index.php?rest_route=\/wp\/v2\/posts\/14710\/revisions\/14711"}],"wp:featuredmedia":[{"embeddable":true,"href":"https:\/\/diarionews.com.br\/index.php?rest_route=\/wp\/v2\/media\/10019"}],"wp:attachment":[{"href":"https:\/\/diarionews.com.br\/index.php?rest_route=%2Fwp%2Fv2%2Fmedia&parent=14710"}],"wp:term":[{"taxonomy":"category","embeddable":true,"href":"https:\/\/diarionews.com.br\/index.php?rest_route=%2Fwp%2Fv2%2Fcategories&post=14710"},{"taxonomy":"post_tag","embeddable":true,"href":"https:\/\/diarionews.com.br\/index.php?rest_route=%2Fwp%2Fv2%2Ftags&post=14710"}],"curies":[{"name":"wp","href":"https:\/\/api.w.org\/{rel}","templated":true}]}}