{"id":14707,"date":"2026-09-04T05:28:12","date_gmt":"2026-09-04T09:28:12","guid":{"rendered":"https:\/\/diarionews.com.br\/?p=14707"},"modified":"2026-09-04T05:28:15","modified_gmt":"2026-09-04T09:28:15","slug":"alta-floresta-alerta-populacao-para-aumento-dos-casos-de-malaria-e-reforca-importancia-do-diagnostico-precoce","status":"publish","type":"post","link":"https:\/\/diarionews.com.br\/?p=14707","title":{"rendered":"Alta Floresta alerta popula\u00e7\u00e3o para aumento dos casos de mal\u00e1ria e refor\u00e7a import\u00e2ncia do diagn\u00f3stico precoce"},"content":{"rendered":"\n<p>A Prefeitura de Alta Floresta, por meio da Secretaria Municipal de Sa\u00fade, alerta a popula\u00e7\u00e3o para o aumento dos casos de mal\u00e1ria registrados na regi\u00e3o e refor\u00e7a a import\u00e2ncia da preven\u00e7\u00e3o, do diagn\u00f3stico precoce e do tratamento adequado da doen\u00e7a.<\/p>\n\n\n\n<p>O alerta \u00e9 especialmente direcionado \u00e0s pessoas que vivem, trabalham ou frequentam \u00e1reas consideradas de risco, como regi\u00f5es de garimpo, comunidades ribeirinhas, estruturas flutuantes e locais pr\u00f3ximos aos rios.<\/p>\n\n\n\n<p>A mal\u00e1ria \u00e9 uma doen\u00e7a que exige aten\u00e7\u00e3o e atendimento oportuno. Os principais sinais e sintomas podem incluir:<\/p>\n\n\n\n<p>* febre, que pode surgir de forma intermitente;<\/p>\n\n\n\n<p>* calafrios e tremores;<\/p>\n\n\n\n<p>* sudorese (suor intenso);<\/p>\n\n\n\n<p>* dor de cabe\u00e7a;<\/p>\n\n\n\n<p>* dores no corpo e fraqueza;<\/p>\n\n\n\n<p>* cansa\u00e7o e mal-estar;<\/p>\n\n\n\n<p>* n\u00e1useas e, em alguns casos, v\u00f4mitos.<\/p>\n\n\n\n<p>Os sintomas podem variar de uma pessoa para outra. Por isso, principalmente para quem esteve ou permanece em \u00e1reas de risco, a presen\u00e7a de febre ou outros sintomas compat\u00edveis deve ser motivo para procurar atendimento de sa\u00fade.<\/p>\n\n\n\n<p>Diante do surgimento de sinais ou sintomas compat\u00edveis com mal\u00e1ria, a orienta\u00e7\u00e3o \u00e9 procurar atendimento o mais r\u00e1pido poss\u00edvel e n\u00e3o esperar o agravamento do quadro.<\/p>\n\n\n\n<p>O diagn\u00f3stico e o in\u00edcio do tratamento no tempo adequado s\u00e3o fundamentais para evitar complica\u00e7\u00f5es, reduzir os riscos \u00e0 sa\u00fade e contribuir para o controle da transmiss\u00e3o da doen\u00e7a.<\/p>\n\n\n\n<p>A popula\u00e7\u00e3o pode buscar atendimento, diagn\u00f3stico e orienta\u00e7\u00f5es junto ao:<\/p>\n\n\n\n<p>* Laborat\u00f3rio de Endemias;<\/p>\n\n\n\n<p>* Pronto Atendimento Municipal (PAM);<\/p>\n\n\n\n<p>* Unidades B\u00e1sicas de Sa\u00fade (UBS).<\/p>\n\n\n\n<p>A orienta\u00e7\u00e3o \u00e9 que as pessoas que apresentem sintomas informem aos profissionais de sa\u00fade se estiveram ou permanecem em \u00e1reas de risco, especialmente regi\u00f5es de garimpo, mata, comunidades ribeirinhas, flutuantes ou locais pr\u00f3ximos aos rios.<\/p>\n\n\n\n<p>A preven\u00e7\u00e3o continua sendo uma das principais formas de prote\u00e7\u00e3o contra a mal\u00e1ria. Entre as medidas recomendadas est\u00e3o:<\/p>\n\n\n\n<p>* utilizar repelente, principalmente nos per\u00edodos de maior atividade dos mosquitos;<\/p>\n\n\n\n<p>* usar roupas de manga comprida e cal\u00e7as, reduzindo a exposi\u00e7\u00e3o da pele \u00e0s picadas;<\/p>\n\n\n\n<p>* utilizar mosquiteiros durante os per\u00edodos de descanso;<\/p>\n\n\n\n<p>* manter portas, janelas e demais aberturas protegidas com telas, sempre que poss\u00edvel;<\/p>\n\n\n\n<p>* em resid\u00eancias e estruturas flutuantes, refor\u00e7ar as medidas de prote\u00e7\u00e3o contra a entrada de mosquitos.<\/p>\n\n\n\n<p>A aten\u00e7\u00e3o deve ser redobrada por pessoas que permanecem por per\u00edodos prolongados em \u00e1reas de garimpo, regi\u00f5es de mata, comunidades ribeirinhas, flutuantes e \u00e1reas pr\u00f3ximas aos rios.<\/p>\n\n\n\n<p>A orienta\u00e7\u00e3o da Secretaria Municipal de Sa\u00fade \u00e9 clara: apresentou febre ou outros sinais e sintomas compat\u00edveis com mal\u00e1ria? Procure imediatamente um servi\u00e7o de sa\u00fade.<\/p>\n\n\n\n<p>O diagn\u00f3stico precoce permite que o tratamento seja iniciado oportunamente, reduzindo o risco de complica\u00e7\u00f5es e contribuindo para interromper a cadeia de transmiss\u00e3o.<\/p>\n\n\n\n<p>Preven\u00e7\u00e3o, diagn\u00f3stico precoce e tratamento adequado s\u00e3o fundamentais para proteger a sa\u00fade da popula\u00e7\u00e3o e reduzir os riscos de transmiss\u00e3o da mal\u00e1ria em Alta Floresta.<\/p>\n\n\n\n<p>Assessoria<\/p>\n","protected":false},"excerpt":{"rendered":"<p>A Prefeitura de Alta Floresta, por meio da Secretaria Municipal de Sa\u00fade, alerta a popula\u00e7\u00e3o para o aumento dos casos de mal\u00e1ria registrados na regi\u00e3o e refor\u00e7a a import\u00e2ncia da preven\u00e7\u00e3o, do diagn\u00f3stico precoce e do tratamento adequado da doen\u00e7a. O alerta \u00e9 especialmente direcionado \u00e0s pessoas que vivem, trabalham ou frequentam \u00e1reas consideradas de [&hellip;]<\/p>\n","protected":false},"author":3,"featured_media":14708,"comment_status":"open","ping_status":"open","sticky":false,"template":"","format":"standard","meta":{"footnotes":""},"categories":[2,6],"tags":[956],"class_list":["post-14707","post","type-post","status-publish","format-standard","has-post-thumbnail","hentry","category-saude","category-local","tag-importante"],"_links":{"self":[{"href":"https:\/\/diarionews.com.br\/index.php?rest_route=\/wp\/v2\/posts\/14707","targetHints":{"allow":["GET"]}}],"collection":[{"href":"https:\/\/diarionews.com.br\/index.php?rest_route=\/wp\/v2\/posts"}],"about":[{"href":"https:\/\/diarionews.com.br\/index.php?rest_route=\/wp\/v2\/types\/post"}],"author":[{"embeddable":true,"href":"https:\/\/diarionews.com.br\/index.php?rest_route=\/wp\/v2\/users\/3"}],"replies":[{"embeddable":true,"href":"https:\/\/diarionews.com.br\/index.php?rest_route=%2Fwp%2Fv2%2Fcomments&post=14707"}],"version-history":[{"count":1,"href":"https:\/\/diarionews.com.br\/index.php?rest_route=\/wp\/v2\/posts\/14707\/revisions"}],"predecessor-version":[{"id":14709,"href":"https:\/\/diarionews.com.br\/index.php?rest_route=\/wp\/v2\/posts\/14707\/revisions\/14709"}],"wp:featuredmedia":[{"embeddable":true,"href":"https:\/\/diarionews.com.br\/index.php?rest_route=\/wp\/v2\/media\/14708"}],"wp:attachment":[{"href":"https:\/\/diarionews.com.br\/index.php?rest_route=%2Fwp%2Fv2%2Fmedia&parent=14707"}],"wp:term":[{"taxonomy":"category","embeddable":true,"href":"https:\/\/diarionews.com.br\/index.php?rest_route=%2Fwp%2Fv2%2Fcategories&post=14707"},{"taxonomy":"post_tag","embeddable":true,"href":"https:\/\/diarionews.com.br\/index.php?rest_route=%2Fwp%2Fv2%2Ftags&post=14707"}],"curies":[{"name":"wp","href":"https:\/\/api.w.org\/{rel}","templated":true}]}}