{"id":14704,"date":"2026-09-04T05:25:57","date_gmt":"2026-09-04T09:25:57","guid":{"rendered":"https:\/\/diarionews.com.br\/?p=14704"},"modified":"2026-09-04T05:25:59","modified_gmt":"2026-09-04T09:25:59","slug":"setor-produtivo-entrega-prioridades-aos-candidatos-ao-governo-de-mt","status":"publish","type":"post","link":"https:\/\/diarionews.com.br\/?p=14704","title":{"rendered":"Setor produtivo entrega prioridades aos candidatos ao Governo de MT"},"content":{"rendered":"\n<p>A Alian\u00e7a do Setor Produtivo de Mato Grosso entregou nesta quinta-feira (3), em Cuiab\u00e1, aos candidatos ao Governo de Mato Grosso, o documento \u201cPrioridades do Setor Produtivo de Mato Grosso 2027\u20132030\u201d. A agenda foi apresentada durante o evento \u201cDi\u00e1logos com os Candidatos ao Governo de Mato Grosso\u201d, que reuniu Dra. Natasha Slhessarenko, Otaviano Pivetta e Wellington Fagundes. A iniciativa \u00e9 coordenada pela Federa\u00e7\u00e3o da Agricultura e Pecu\u00e1ria de Mato Grosso (Famato), Federa\u00e7\u00e3o do Com\u00e9rcio de Bens, Servi\u00e7os e Turismo (Fecom\u00e9rcio-MT) e Federa\u00e7\u00e3o das Ind\u00fastrias de Mato Grosso (Fiemt).<\/p>\n\n\n\n<p>Elaborado pelas tr\u00eas entidades, o documento re\u00fane propostas para ind\u00fastria, com\u00e9rcio, servi\u00e7os e agroneg\u00f3cio e foi estruturado em oito eixos considerados estrat\u00e9gicos para o desenvolvimento do estado. Entre as prioridades est\u00e3o a amplia\u00e7\u00e3o da qualifica\u00e7\u00e3o profissional, melhorias nas infraestruturas log\u00edstica e energ\u00e9tica, est\u00edmulo \u00e0 industrializa\u00e7\u00e3o e \u00e0 agroindustrializa\u00e7\u00e3o, acesso ao cr\u00e9dito, simplifica\u00e7\u00e3o de processos tribut\u00e1rios, ambientais e regulat\u00f3rios, al\u00e9m de medidas relacionadas \u00e0 seguran\u00e7a jur\u00eddica, inova\u00e7\u00e3o, conectividade, atra\u00e7\u00e3o de investimentos, rela\u00e7\u00f5es internacionais e sustentabilidade.<\/p>\n\n\n\n<p>No setor agropecu\u00e1rio, uma das principais reivindica\u00e7\u00f5es apresentadas pelo presidente da Famato, Vilmondes Tomain, \u00e9 a cria\u00e7\u00e3o de uma Secretaria de Estado de Agricultura e Pecu\u00e1ria. Segundo ele, a estrutura permitiria uma aproxima\u00e7\u00e3o maior entre os produtores rurais e o governo. \u201c\u00c9 um pleito da nossa federa\u00e7\u00e3o e de todos os produtores rurais. Na nossa vis\u00e3o, um segmento como o agroneg\u00f3cio precisa ter um canal direto e maior abertura junto ao governo\u201d, afirmou. Tomain tamb\u00e9m alertou para o alto \u00edndice de endividamento do setor.<\/p>\n\n\n\n<p>A Famato apresentou ainda uma agenda pr\u00f3pria com dez temas priorit\u00e1rios para o agroneg\u00f3cio. Entre as propostas est\u00e3o o fim do Fethab II, a implanta\u00e7\u00e3o da Reforma Tribut\u00e1ria em Mato Grosso de forma a preservar a competitividade das cadeias agropecu\u00e1rias e agroindustriais e a atua\u00e7\u00e3o junto ao Governo Federal para desburocratizar o cr\u00e9dito rural. O presidente da entidade destacou que a cria\u00e7\u00e3o da secretaria est\u00e1 entre as principais demandas do setor para ampliar a proximidade com o governo.<\/p>\n\n\n\n<p>Durante o encontro, o presidente da Fecom\u00e9rcio-MT, Sebasti\u00e3o Gon\u00e7alves, o Ti\u00e3o da Zaeli, afirmou que o com\u00e9rcio est\u00e1 preocupado com o desemprego e com a concorr\u00eancia do com\u00e9rcio eletr\u00f4nico. J\u00e1 o presidente da Fiemt, Silvio Rangel, ressaltou que ind\u00fastria, com\u00e9rcio e servi\u00e7os empregam 962 mil pessoas em Mato Grosso, o equivalente a 76,6% dos trabalhadores formais do estado, segundo dados do Observat\u00f3rio de Mato Grosso. Para ele, o poder p\u00fablico deve oferecer condi\u00e7\u00f5es para quem pretende empreender, investir e produzir.<\/p>\n\n\n\n<p>Os candidatos foram ouvidos separadamente, com uma hora destinada a cada participa\u00e7\u00e3o. O formato incluiu cinco minutos para apresenta\u00e7\u00e3o inicial, seis perguntas feitas por representantes do setor produtivo, com at\u00e9 quatro minutos para cada resposta, e dez minutos para as considera\u00e7\u00f5es finais. Para as entidades, o encontro serviu para apresentar os principais gargalos enfrentados pelos setores produtivos e, ao mesmo tempo, avaliar as propostas e os compromissos dos candidatos para o futuro de Mato Grosso.<\/p>\n","protected":false},"excerpt":{"rendered":"<p>A Alian\u00e7a do Setor Produtivo de Mato Grosso entregou nesta quinta-feira (3), em Cuiab\u00e1, aos candidatos ao Governo de Mato Grosso, o documento \u201cPrioridades do Setor Produtivo de Mato Grosso 2027\u20132030\u201d. A agenda foi apresentada durante o evento \u201cDi\u00e1logos com os Candidatos ao Governo de Mato Grosso\u201d, que reuniu Dra. Natasha Slhessarenko, Otaviano Pivetta e [&hellip;]<\/p>\n","protected":false},"author":3,"featured_media":14705,"comment_status":"open","ping_status":"open","sticky":false,"template":"","format":"standard","meta":{"footnotes":""},"categories":[19],"tags":[],"class_list":["post-14704","post","type-post","status-publish","format-standard","has-post-thumbnail","hentry","category-politica"],"_links":{"self":[{"href":"https:\/\/diarionews.com.br\/index.php?rest_route=\/wp\/v2\/posts\/14704","targetHints":{"allow":["GET"]}}],"collection":[{"href":"https:\/\/diarionews.com.br\/index.php?rest_route=\/wp\/v2\/posts"}],"about":[{"href":"https:\/\/diarionews.com.br\/index.php?rest_route=\/wp\/v2\/types\/post"}],"author":[{"embeddable":true,"href":"https:\/\/diarionews.com.br\/index.php?rest_route=\/wp\/v2\/users\/3"}],"replies":[{"embeddable":true,"href":"https:\/\/diarionews.com.br\/index.php?rest_route=%2Fwp%2Fv2%2Fcomments&post=14704"}],"version-history":[{"count":1,"href":"https:\/\/diarionews.com.br\/index.php?rest_route=\/wp\/v2\/posts\/14704\/revisions"}],"predecessor-version":[{"id":14706,"href":"https:\/\/diarionews.com.br\/index.php?rest_route=\/wp\/v2\/posts\/14704\/revisions\/14706"}],"wp:featuredmedia":[{"embeddable":true,"href":"https:\/\/diarionews.com.br\/index.php?rest_route=\/wp\/v2\/media\/14705"}],"wp:attachment":[{"href":"https:\/\/diarionews.com.br\/index.php?rest_route=%2Fwp%2Fv2%2Fmedia&parent=14704"}],"wp:term":[{"taxonomy":"category","embeddable":true,"href":"https:\/\/diarionews.com.br\/index.php?rest_route=%2Fwp%2Fv2%2Fcategories&post=14704"},{"taxonomy":"post_tag","embeddable":true,"href":"https:\/\/diarionews.com.br\/index.php?rest_route=%2Fwp%2Fv2%2Ftags&post=14704"}],"curies":[{"name":"wp","href":"https:\/\/api.w.org\/{rel}","templated":true}]}}