{"id":14689,"date":"2026-09-03T15:15:00","date_gmt":"2026-09-03T19:15:00","guid":{"rendered":"https:\/\/diarionews.com.br\/?p=14689"},"modified":"2026-09-03T06:16:22","modified_gmt":"2026-09-03T10:16:22","slug":"34a-festa-do-peao-pantaneiro-comeca-nesta-quinta-em-santo-antonio","status":"publish","type":"post","link":"https:\/\/diarionews.com.br\/?p=14689","title":{"rendered":"34\u00aa Festa do Pe\u00e3o Pantaneiro come\u00e7a nesta quinta em Santo Ant\u00f4nio"},"content":{"rendered":"\n<p>A 34\u00aa Festa do Pe\u00e3o Pantaneiro come\u00e7a nesta quinta-feira, 3 de setembro de 2026, na Agrovila das Palmeiras, em Santo Ant\u00f4nio de Leverger, a cerca de 87 quil\u00f4metros de Cuiab\u00e1. O evento segue at\u00e9 domingo, 6 de setembro, com entrada gratuita e uma programa\u00e7\u00e3o que re\u00fane rodeio profissional, shows, apresenta\u00e7\u00f5es culturais, agricultura familiar, capacita\u00e7\u00f5es e atividades de lazer.<\/p>\n\n\n\n<p>Considerada uma das tradicionais festas da Baixada Cuiabana, a programa\u00e7\u00e3o ter\u00e1 52 competidores, sendo 40 nas montarias em touros e 12 na modalidade Cutiano, disputada em cavalos. Os participantes s\u00e3o de munic\u00edpios como Nova Ol\u00edmpia, Chapada dos Guimar\u00e3es, Tangar\u00e1 da Serra, Campo Verde, Pocon\u00e9, Pontes e Lacerda, Ros\u00e1rio Oeste, Mirassol d\u2019Oeste e Nova Brasil\u00e2ndia, al\u00e9m de Sonora, em Mato Grosso do Sul. Tr\u00eas tropas participar\u00e3o do rodeio: Cia do Rodeio, Cia de Rodeio Passarinho e Cana\u00e3 Bucking Bulls.<\/p>\n\n\n\n<p>A programa\u00e7\u00e3o tamb\u00e9m inclui a Feira Natural do Campo, com participa\u00e7\u00e3o de produtores e empreendedores da agricultura familiar, al\u00e9m de oficinas e palestras do Senar-MT e do Sistema Famato. Entre as atividades est\u00e3o oficinas de confec\u00e7\u00e3o de revestimento para copo, cintos, bolsas e bainhas de fac\u00e3o em couro bovino. Tamb\u00e9m est\u00e3o previstas a\u00e7\u00f5es relacionadas ao Servi\u00e7o de Inspe\u00e7\u00e3o Agroindustrial de Pequeno Porte de Mato Grosso, ao Cadastro Nacional da Agricultura Familiar e \u00e0 prepara\u00e7\u00e3o de carne bovina.<\/p>\n\n\n\n<p>A abertura oficial ocorre nesta quinta-feira, \u00e0s 20h. Antes disso, a partir das 17h, ser\u00e3o realizadas as primeiras oficinas. \u00c0s 20h30 haver\u00e1 apresenta\u00e7\u00e3o cultural, seguida pelo rodeio profissional, \u00e0s 21h. O primeiro dia termina com o show baile da Banda Novo Som, previsto para as 22h30.<\/p>\n\n\n\n<p>Na sexta-feira, 4 de setembro, a programa\u00e7\u00e3o de capacita\u00e7\u00e3o ter\u00e1 oficina de confec\u00e7\u00e3o de cintos em couro bovino. O rodeio est\u00e1 marcado para as 21h e os shows de Breno e Karrafa e da Banda Ellus come\u00e7am \u00e0s 22h30 e \u00e0 meia-noite, respectivamente. No s\u00e1bado, 5 de setembro, haver\u00e1 oficina de bolsas em couro bovino, rodeio \u00e0s 22h e apresenta\u00e7\u00f5es de Kinyou Mega Show, Amigos Banda Show e Lucianinho dos Teclados.<\/p>\n\n\n\n<p>O encerramento ser\u00e1 no domingo, 6 de setembro. A \u00faltima oficina ser\u00e1 dedicada \u00e0 confec\u00e7\u00e3o de bainha de fac\u00e3o em couro bovino. A grande final do rodeio est\u00e1 prevista para as 20h30, seguida da entrega da premia\u00e7\u00e3o, \u00e0s 22h30, e do show baile de Jero Neto, \u00e0s 23h. O campe\u00e3o receber\u00e1 uma motocicleta zero quil\u00f4metro, enquanto os demais cinco primeiros colocados tamb\u00e9m ter\u00e3o premia\u00e7\u00f5es em dinheiro.<\/p>\n\n\n\n<p>Al\u00e9m de preservar uma tradi\u00e7\u00e3o iniciada em 1991, a festa representa um importante movimento econ\u00f4mico para a Agrovila das Palmeiras. Segundo a organiza\u00e7\u00e3o, o evento deve gerar mais de 200 empregos diretos e indiretos e movimentar setores como com\u00e9rcio, alimenta\u00e7\u00e3o, transporte, hospedagem e presta\u00e7\u00e3o de servi\u00e7os. Moradores tamb\u00e9m aproveitam o per\u00edodo para alugar casas e s\u00edtios aos visitantes.<\/p>\n\n\n\n<p>A realiza\u00e7\u00e3o da 34\u00aa Festa do Pe\u00e3o Pantaneiro conta com o Instituto INCA \u2013 Inclus\u00e3o, Cidadania e A\u00e7\u00e3o, o Sindicato Rural de Santo Ant\u00f4nio do Leverger e a Equipe MT Rodeios, al\u00e9m de apoio da Prefeitura, da C\u00e2mara Municipal e da Pol\u00edcia Militar. O evento tem patroc\u00ednio da Secretaria de Estado de Cultura, Esporte e Lazer de Mato Grosso e do Sistema Famato, por meio do Senar-MT. O Di\u00e1rio Oficial do Estado registra termo de fomento de R$ 600 mil para a realiza\u00e7\u00e3o da edi\u00e7\u00e3o de 2026.<\/p>\n","protected":false},"excerpt":{"rendered":"<p>A 34\u00aa Festa do Pe\u00e3o Pantaneiro come\u00e7a nesta quinta-feira, 3 de setembro de 2026, na Agrovila das Palmeiras, em Santo Ant\u00f4nio de Leverger, a cerca de 87 quil\u00f4metros de Cuiab\u00e1. O evento segue at\u00e9 domingo, 6 de setembro, com entrada gratuita e uma programa\u00e7\u00e3o que re\u00fane rodeio profissional, shows, apresenta\u00e7\u00f5es culturais, agricultura familiar, capacita\u00e7\u00f5es e [&hellip;]<\/p>\n","protected":false},"author":3,"featured_media":14690,"comment_status":"open","ping_status":"open","sticky":false,"template":"","format":"standard","meta":{"footnotes":""},"categories":[8,18],"tags":[],"class_list":["post-14689","post","type-post","status-publish","format-standard","has-post-thumbnail","hentry","category-cultura","category-estaduais"],"_links":{"self":[{"href":"https:\/\/diarionews.com.br\/index.php?rest_route=\/wp\/v2\/posts\/14689","targetHints":{"allow":["GET"]}}],"collection":[{"href":"https:\/\/diarionews.com.br\/index.php?rest_route=\/wp\/v2\/posts"}],"about":[{"href":"https:\/\/diarionews.com.br\/index.php?rest_route=\/wp\/v2\/types\/post"}],"author":[{"embeddable":true,"href":"https:\/\/diarionews.com.br\/index.php?rest_route=\/wp\/v2\/users\/3"}],"replies":[{"embeddable":true,"href":"https:\/\/diarionews.com.br\/index.php?rest_route=%2Fwp%2Fv2%2Fcomments&post=14689"}],"version-history":[{"count":1,"href":"https:\/\/diarionews.com.br\/index.php?rest_route=\/wp\/v2\/posts\/14689\/revisions"}],"predecessor-version":[{"id":14691,"href":"https:\/\/diarionews.com.br\/index.php?rest_route=\/wp\/v2\/posts\/14689\/revisions\/14691"}],"wp:featuredmedia":[{"embeddable":true,"href":"https:\/\/diarionews.com.br\/index.php?rest_route=\/wp\/v2\/media\/14690"}],"wp:attachment":[{"href":"https:\/\/diarionews.com.br\/index.php?rest_route=%2Fwp%2Fv2%2Fmedia&parent=14689"}],"wp:term":[{"taxonomy":"category","embeddable":true,"href":"https:\/\/diarionews.com.br\/index.php?rest_route=%2Fwp%2Fv2%2Fcategories&post=14689"},{"taxonomy":"post_tag","embeddable":true,"href":"https:\/\/diarionews.com.br\/index.php?rest_route=%2Fwp%2Fv2%2Ftags&post=14689"}],"curies":[{"name":"wp","href":"https:\/\/api.w.org\/{rel}","templated":true}]}}