{"id":14669,"date":"2026-09-03T05:53:32","date_gmt":"2026-09-03T09:53:32","guid":{"rendered":"https:\/\/diarionews.com.br\/?p=14669"},"modified":"2026-09-03T05:53:34","modified_gmt":"2026-09-03T09:53:34","slug":"explosivos-sao-encontrados-em-subestacao-e-alemanha-investiga-sabotagem","status":"publish","type":"post","link":"https:\/\/diarionews.com.br\/?p=14669","title":{"rendered":"Explosivos s\u00e3o encontrados em subesta\u00e7\u00e3o e Alemanha investiga sabotagem"},"content":{"rendered":"\n<p>A pol\u00edcia da Alemanha investiga uma poss\u00edvel a\u00e7\u00e3o de sabotagem contra a infraestrutura de energia el\u00e9trica ap\u00f3s a descoberta de v\u00e1rios dispositivos explosivos em uma subesta\u00e7\u00e3o de Turnow-Preilack, no estado de Brandemburgo, no leste do pa\u00eds. O caso ocorreu na manh\u00e3 de ter\u00e7a-feira, 1\u00ba de setembro de 2026, e provocou danos em uma linha a\u00e9rea ligada \u00e0 instala\u00e7\u00e3o. N\u00e3o houve registro de feridos e, segundo as autoridades, n\u00e3o ocorreu impacto significativo sobre a popula\u00e7\u00e3o.<\/p>\n\n\n\n<p>A Pol\u00edcia de Brandemburgo informou que recebeu por volta das 8h uma den\u00fancia sobre uma poss\u00edvel danifica\u00e7\u00e3o de uma linha a\u00e9rea no local. Durante a opera\u00e7\u00e3o, foram encontrados v\u00e1rios dispositivos explosivos improvisados, alguns dos quais n\u00e3o haviam sido acionados. Especialistas em explosivos do Departamento Estadual de Investiga\u00e7\u00e3o Criminal foram mobilizados, enquanto equipes policiais realizaram buscas e preservaram vest\u00edgios para a investiga\u00e7\u00e3o.<\/p>\n\n\n\n<p>A subesta\u00e7\u00e3o de Turnow-Preilack est\u00e1 ligada ao sistema que distribui a energia produzida pela usina de J\u00e4nschwalde, uma das principais instala\u00e7\u00f5es de gera\u00e7\u00e3o el\u00e9trica da regi\u00e3o. A operadora da rede informou que houve uma breve interrup\u00e7\u00e3o no fornecimento, mas as linhas voltaram a funcionar e o abastecimento geral de eletricidade n\u00e3o foi afetado. A usina, movida a carv\u00e3o, possui capacidade de gera\u00e7\u00e3o de at\u00e9 cerca de 2 mil megawatts.<\/p>\n\n\n\n<p>No dia seguinte ao ataque, 2 de setembro, a pol\u00edcia alem\u00e3 informou que as investiga\u00e7\u00f5es foram ampliadas. O caso passou a ser apurado por suspeita de perturba\u00e7\u00e3o de servi\u00e7os p\u00fablicos, provoca\u00e7\u00e3o de explos\u00e3o com artefato explosivo, destrui\u00e7\u00e3o de equipamentos importantes e forma\u00e7\u00e3o de organiza\u00e7\u00e3o terrorista. As autoridades mant\u00eam o local sob investiga\u00e7\u00e3o e afirmam que novas informa\u00e7\u00f5es n\u00e3o podem ser divulgadas para n\u00e3o prejudicar o trabalho policial.<\/p>\n\n\n\n<p>A ocorr\u00eancia em Brandemburgo tamb\u00e9m passou a ser analisada em conjunto com outro epis\u00f3dio registrado no mesmo dia em Bergheim, no estado da Ren\u00e2nia do Norte-Vestf\u00e1lia, pr\u00f3ximo a Col\u00f4nia. L\u00e1, uma subesta\u00e7\u00e3o sofreu uma interrup\u00e7\u00e3o deliberada provocada por um curto-circuito, e v\u00e1rias linhas ficaram temporariamente fora de opera\u00e7\u00e3o. Cinco unidades de uma usina movida a carv\u00e3o foram afetadas, mas a estabilidade geral do sistema el\u00e9trico alem\u00e3o foi mantida.<\/p>\n\n\n\n<p>At\u00e9 3 de setembro de 2026, as autoridades alem\u00e3s n\u00e3o haviam confirmado que os dois epis\u00f3dios tenham sido coordenados nem apontado publicamente os respons\u00e1veis. O governo federal afirmou que os incidentes est\u00e3o sendo investigados em todas as dire\u00e7\u00f5es. A suspeita de sabotagem ocorre em um momento de aumento da preocupa\u00e7\u00e3o alem\u00e3 com ataques h\u00edbridos e amea\u00e7as contra infraestrutura cr\u00edtica, mas n\u00e3o h\u00e1, at\u00e9 o momento, confirma\u00e7\u00e3o oficial de que o epis\u00f3dio de Turnow-Preilack tenha sido cometido por agentes estrangeiros ou por algum grupo pol\u00edtico espec\u00edfico.<\/p>\n","protected":false},"excerpt":{"rendered":"<p>A pol\u00edcia da Alemanha investiga uma poss\u00edvel a\u00e7\u00e3o de sabotagem contra a infraestrutura de energia el\u00e9trica ap\u00f3s a descoberta de v\u00e1rios dispositivos explosivos em uma subesta\u00e7\u00e3o de Turnow-Preilack, no estado de Brandemburgo, no leste do pa\u00eds. O caso ocorreu na manh\u00e3 de ter\u00e7a-feira, 1\u00ba de setembro de 2026, e provocou danos em uma linha a\u00e9rea [&hellip;]<\/p>\n","protected":false},"author":3,"featured_media":14670,"comment_status":"open","ping_status":"open","sticky":false,"template":"","format":"standard","meta":{"footnotes":""},"categories":[11,22],"tags":[],"class_list":["post-14669","post","type-post","status-publish","format-standard","has-post-thumbnail","hentry","category-mundo","category-meio-ambiente"],"_links":{"self":[{"href":"https:\/\/diarionews.com.br\/index.php?rest_route=\/wp\/v2\/posts\/14669","targetHints":{"allow":["GET"]}}],"collection":[{"href":"https:\/\/diarionews.com.br\/index.php?rest_route=\/wp\/v2\/posts"}],"about":[{"href":"https:\/\/diarionews.com.br\/index.php?rest_route=\/wp\/v2\/types\/post"}],"author":[{"embeddable":true,"href":"https:\/\/diarionews.com.br\/index.php?rest_route=\/wp\/v2\/users\/3"}],"replies":[{"embeddable":true,"href":"https:\/\/diarionews.com.br\/index.php?rest_route=%2Fwp%2Fv2%2Fcomments&post=14669"}],"version-history":[{"count":1,"href":"https:\/\/diarionews.com.br\/index.php?rest_route=\/wp\/v2\/posts\/14669\/revisions"}],"predecessor-version":[{"id":14671,"href":"https:\/\/diarionews.com.br\/index.php?rest_route=\/wp\/v2\/posts\/14669\/revisions\/14671"}],"wp:featuredmedia":[{"embeddable":true,"href":"https:\/\/diarionews.com.br\/index.php?rest_route=\/wp\/v2\/media\/14670"}],"wp:attachment":[{"href":"https:\/\/diarionews.com.br\/index.php?rest_route=%2Fwp%2Fv2%2Fmedia&parent=14669"}],"wp:term":[{"taxonomy":"category","embeddable":true,"href":"https:\/\/diarionews.com.br\/index.php?rest_route=%2Fwp%2Fv2%2Fcategories&post=14669"},{"taxonomy":"post_tag","embeddable":true,"href":"https:\/\/diarionews.com.br\/index.php?rest_route=%2Fwp%2Fv2%2Ftags&post=14669"}],"curies":[{"name":"wp","href":"https:\/\/api.w.org\/{rel}","templated":true}]}}