{"id":14667,"date":"2026-09-03T05:47:48","date_gmt":"2026-09-03T09:47:48","guid":{"rendered":"https:\/\/diarionews.com.br\/?p=14667"},"modified":"2026-09-03T05:50:07","modified_gmt":"2026-09-03T09:50:07","slug":"cpi-da-saude-suspende-oitivas-durante-periodo-eleitoral","status":"publish","type":"post","link":"https:\/\/diarionews.com.br\/?p=14667","title":{"rendered":"CPI da Sa\u00fade suspende oitivas durante per\u00edodo eleitoral"},"content":{"rendered":"\n<p>A Comiss\u00e3o Parlamentar de Inqu\u00e9rito (CPI) da Sa\u00fade da Assembleia Legislativa de Mato Grosso (ALMT) suspendeu, nesta quarta-feira (2), as reuni\u00f5es com convoca\u00e7\u00f5es e oitivas durante o per\u00edodo eleitoral. A decis\u00e3o foi comunicada ap\u00f3s a leitura de parecer da Procuradoria-Geral da Casa Leis, que considerou juridicamente poss\u00edvel a suspens\u00e3o dos trabalhos. O documento foi ratificado pela Mesa Diretora.<\/p>\n\n\n\n<p>Com a medida, n\u00e3o foram realizados os depoimentos previstos para esta tarde. Seriam ouvidos o ex-secret\u00e1rio de Estado de Sa\u00fade Gilberto Figueiredo e o atual ocupante da pasta, Juliano Melo. A reuni\u00e3o foi encerrada ap\u00f3s a leitura do parecer.<\/p>\n\n\n\n<p>Conforme o calend\u00e1rio definido nesta quarta-feira, os trabalhos com reuni\u00f5es abertas e convoca\u00e7\u00f5es ser\u00e3o retomados em 7 de outubro, primeira quarta-feira ap\u00f3s o primeiro turno da elei\u00e7\u00e3o. Durante a suspens\u00e3o, a CPI poder\u00e1 continuar atividades internas relacionadas \u00e0 produ\u00e7\u00e3o do relat\u00f3rio e receber documentos e informa\u00e7\u00f5es que contribuam para a investiga\u00e7\u00e3o.<\/p>\n\n\n\n<p>Segundo o procurador da Assembleia, Francisco Brito, a suspens\u00e3o foi solicitada pela maioria absoluta dos integrantes da CPI para preservar a lisura do processo eleitoral e evitar eventuais interfer\u00eancias dos trabalhos da comiss\u00e3o no pleito. Ele avaliou que a suspens\u00e3o n\u00e3o compromete o andamento da apura\u00e7\u00e3o diante do volume de documentos j\u00e1 reunidos.&nbsp;<\/p>\n\n\n\n<p>\u201cJ\u00e1 h\u00e1 muito documento produzido, o relat\u00f3rio do Tribunal de Contas do Estado, o inqu\u00e9rito da Pol\u00edcia Federal, a per\u00edcia da Pol\u00edcia Federal e tamb\u00e9m os pr\u00f3prios pareceres da Procuradoria-Geral do Estado\u201d, afirmou.<\/p>\n\n\n\n<p>O procurador ainda esclareceu que os trabalhos devem ser conclu\u00eddos at\u00e9 o t\u00e9rmino da atual legislatura, que ocorre em 31 de janeiro de 2027.<\/p>\n\n\n\n<p>A CPI investiga poss\u00edveis irregularidades em licita\u00e7\u00f5es e contratos da Secretaria de Estado de Sa\u00fade realizados entre 2019 e 2023, relacionados \u00e0s investiga\u00e7\u00f5es que resultaram na Opera\u00e7\u00e3o Espelho. Na reuni\u00e3o da semana passada, a comiss\u00e3o ouviu a ex-secret\u00e1ria adjunta de Gest\u00e3o Hospitalar Carolina Campos e o ex-diretor do Hospital Regional de C\u00e1ceres, Onair Azevedo Nogueira.&nbsp;<\/p>\n","protected":false},"excerpt":{"rendered":"<p>A Comiss\u00e3o Parlamentar de Inqu\u00e9rito (CPI) da Sa\u00fade da Assembleia Legislativa de Mato Grosso (ALMT) suspendeu, nesta quarta-feira (2), as reuni\u00f5es com convoca\u00e7\u00f5es e oitivas durante o per\u00edodo eleitoral. A decis\u00e3o foi comunicada ap\u00f3s a leitura de parecer da Procuradoria-Geral da Casa Leis, que considerou juridicamente poss\u00edvel a suspens\u00e3o dos trabalhos. O documento foi ratificado [&hellip;]<\/p>\n","protected":false},"author":3,"featured_media":8659,"comment_status":"open","ping_status":"open","sticky":false,"template":"","format":"standard","meta":{"footnotes":""},"categories":[18,19],"tags":[956],"class_list":["post-14667","post","type-post","status-publish","format-standard","has-post-thumbnail","hentry","category-estaduais","category-politica","tag-importante"],"_links":{"self":[{"href":"https:\/\/diarionews.com.br\/index.php?rest_route=\/wp\/v2\/posts\/14667","targetHints":{"allow":["GET"]}}],"collection":[{"href":"https:\/\/diarionews.com.br\/index.php?rest_route=\/wp\/v2\/posts"}],"about":[{"href":"https:\/\/diarionews.com.br\/index.php?rest_route=\/wp\/v2\/types\/post"}],"author":[{"embeddable":true,"href":"https:\/\/diarionews.com.br\/index.php?rest_route=\/wp\/v2\/users\/3"}],"replies":[{"embeddable":true,"href":"https:\/\/diarionews.com.br\/index.php?rest_route=%2Fwp%2Fv2%2Fcomments&post=14667"}],"version-history":[{"count":1,"href":"https:\/\/diarionews.com.br\/index.php?rest_route=\/wp\/v2\/posts\/14667\/revisions"}],"predecessor-version":[{"id":14668,"href":"https:\/\/diarionews.com.br\/index.php?rest_route=\/wp\/v2\/posts\/14667\/revisions\/14668"}],"wp:featuredmedia":[{"embeddable":true,"href":"https:\/\/diarionews.com.br\/index.php?rest_route=\/wp\/v2\/media\/8659"}],"wp:attachment":[{"href":"https:\/\/diarionews.com.br\/index.php?rest_route=%2Fwp%2Fv2%2Fmedia&parent=14667"}],"wp:term":[{"taxonomy":"category","embeddable":true,"href":"https:\/\/diarionews.com.br\/index.php?rest_route=%2Fwp%2Fv2%2Fcategories&post=14667"},{"taxonomy":"post_tag","embeddable":true,"href":"https:\/\/diarionews.com.br\/index.php?rest_route=%2Fwp%2Fv2%2Ftags&post=14667"}],"curies":[{"name":"wp","href":"https:\/\/api.w.org\/{rel}","templated":true}]}}