{"id":14665,"date":"2026-09-03T05:46:12","date_gmt":"2026-09-03T09:46:12","guid":{"rendered":"https:\/\/diarionews.com.br\/?p=14665"},"modified":"2026-09-03T05:48:37","modified_gmt":"2026-09-03T09:48:37","slug":"comissao-de-saude-intensifica-fiscalizacao-de-hospitais-e-obras-no-primeiro-semestre","status":"publish","type":"post","link":"https:\/\/diarionews.com.br\/?p=14665","title":{"rendered":"Comiss\u00e3o de Sa\u00fade intensifica fiscaliza\u00e7\u00e3o de hospitais e obras no primeiro semestre"},"content":{"rendered":"\n<p>A Comiss\u00e3o de Sa\u00fade, Previd\u00eancia e Assist\u00eancia Social da Assembleia Legislativa de Mato Grosso (ALMT) atuou, no primeiro semestre de 2026, na an\u00e1lise de proposi\u00e7\u00f5es, fiscaliza\u00e7\u00e3o e acompanhamento de a\u00e7\u00f5es relacionadas \u00e0 sa\u00fade p\u00fablica no estado. &nbsp;<\/p>\n\n\n\n<p>Segundo relat\u00f3rio do N\u00facleo Social, respons\u00e1vel pelo assessoramento t\u00e9cnico \u00e0s comiss\u00f5es permanentes da \u00e1rea, no per\u00edodo foram realizadas seis reuni\u00f5es ordin\u00e1rias, uma audi\u00eancia p\u00fablica, seis visitas t\u00e9cnicas e seis registros de convoca\u00e7\u00f5es, convites e solicita\u00e7\u00f5es de informa\u00e7\u00f5es. &nbsp;<\/p>\n\n\n\n<p>A comiss\u00e3o analisou mais de 170 proposi\u00e7\u00f5es relacionadas \u00e0s suas \u00e1reas de compet\u00eancia. As mat\u00e9rias passaram por aprecia\u00e7\u00e3o t\u00e9cnica, com emiss\u00e3o de pareceres de m\u00e9rito, conforme as normas regimentais. &nbsp;<\/p>\n\n\n\n<p>As a\u00e7\u00f5es de fiscaliza\u00e7\u00e3o inclu\u00edram visitas ao Hospital Regional de C\u00e1ceres, aos hospitais municipais de Pontes e Lacerda e de Confresa e \u00e0s obras do futuro Hospital Regional de Confresa, al\u00e9m do acompanhamento da situa\u00e7\u00e3o dos hospitais regionais de Sorriso e Sinop. As agendas permitiram verificar presencialmente a situa\u00e7\u00e3o de unidades e o andamento de obras de sa\u00fade em diferentes regi\u00f5es de Mato Grosso. &nbsp;<\/p>\n\n\n\n<p>O acompanhamento de obras hospitalares tamb\u00e9m incluiu a convoca\u00e7\u00e3o de representantes de empresas respons\u00e1veis por empreendimentos em andamento no estado. A Construtora Augusto Velloso, respons\u00e1vel pelas obras dos Hospitais Regionais de Tangar\u00e1 da Serra e Confresa, e a Salver Construtora e Incorporadora, respons\u00e1vel pela constru\u00e7\u00e3o da unidade hospitalar de Ju\u00edna, foram chamadas pela comiss\u00e3o para prestar esclarecimentos sobre o andamento dos trabalhos, os prazos e eventuais entraves nos projetos. &nbsp;<\/p>\n\n\n<div class=\"wp-block-image\">\n<figure class=\"alignleft is-resized\"><img decoding=\"async\" src=\"https:\/\/storage.al.mt.gov.br\/api\/v1\/download\/image\/890823?width=420px&amp;quality=80\" alt=\"Audi\u00eancia p\u00fablica para debater o processo de estadualiza\u00e7\u00e3o da oncologia em Mato Grosso.\" style=\"width:328px;height:auto\"\/><\/figure><\/div>\n\n\n<p>As convoca\u00e7\u00f5es foram aprovadas a partir de requerimento apresentado \u00e0 comiss\u00e3o, em meio \u00e0s discuss\u00f5es sobre o ritmo de execu\u00e7\u00e3o das obras de hospitais regionais. \u00c0 \u00e9poca, foram apontadas diferen\u00e7as no andamento de empreendimentos similares. &nbsp;<\/p>\n\n\n\n<p>A comiss\u00e3o tamb\u00e9m realizou uma audi\u00eancia p\u00fablica para discutir o processo de estadualiza\u00e7\u00e3o da oncologia em Mato Grosso e acompanhar a execu\u00e7\u00e3o do contrato firmado pela Secretaria de Estado de Sa\u00fade (SES) com o Hospital de C\u00e2ncer.<\/p>\n\n\n\n<p>Al\u00e9m das construtoras, houve convoca\u00e7\u00e3o de secret\u00e1rios de estado de Sa\u00fade. Um dos objetivos foi buscar esclarecimentos sobre exonera\u00e7\u00f5es e desligamentos de profissionais vinculados ao Servi\u00e7o de Atendimento M\u00f3vel de Urg\u00eancia (Samu) e os poss\u00edveis impactos na continuidade e na efici\u00eancia do servi\u00e7o. &nbsp;<\/p>\n\n\n\n<p>A comiss\u00e3o solicitou ainda informa\u00e7\u00f5es ao governador sobre as contrata\u00e7\u00f5es tempor\u00e1rias realizadas pela Secretaria de Estado de Sa\u00fade e sobre o concurso p\u00fablico da pasta. A comiss\u00e3o tamb\u00e9m convidou o secret\u00e1rio de Sa\u00fade e representantes do Minist\u00e9rio P\u00fablico Estadual e do Tribunal de Contas do Estado de Mato Grosso.<\/p>\n","protected":false},"excerpt":{"rendered":"<p>A Comiss\u00e3o de Sa\u00fade, Previd\u00eancia e Assist\u00eancia Social da Assembleia Legislativa de Mato Grosso (ALMT) atuou, no primeiro semestre de 2026, na an\u00e1lise de proposi\u00e7\u00f5es, fiscaliza\u00e7\u00e3o e acompanhamento de a\u00e7\u00f5es relacionadas \u00e0 sa\u00fade p\u00fablica no estado. &nbsp; Segundo relat\u00f3rio do N\u00facleo Social, respons\u00e1vel pelo assessoramento t\u00e9cnico \u00e0s comiss\u00f5es permanentes da \u00e1rea, no per\u00edodo foram realizadas [&hellip;]<\/p>\n","protected":false},"author":3,"featured_media":2765,"comment_status":"open","ping_status":"open","sticky":false,"template":"","format":"standard","meta":{"footnotes":""},"categories":[18,19,2],"tags":[],"class_list":["post-14665","post","type-post","status-publish","format-standard","has-post-thumbnail","hentry","category-estaduais","category-politica","category-saude"],"_links":{"self":[{"href":"https:\/\/diarionews.com.br\/index.php?rest_route=\/wp\/v2\/posts\/14665","targetHints":{"allow":["GET"]}}],"collection":[{"href":"https:\/\/diarionews.com.br\/index.php?rest_route=\/wp\/v2\/posts"}],"about":[{"href":"https:\/\/diarionews.com.br\/index.php?rest_route=\/wp\/v2\/types\/post"}],"author":[{"embeddable":true,"href":"https:\/\/diarionews.com.br\/index.php?rest_route=\/wp\/v2\/users\/3"}],"replies":[{"embeddable":true,"href":"https:\/\/diarionews.com.br\/index.php?rest_route=%2Fwp%2Fv2%2Fcomments&post=14665"}],"version-history":[{"count":1,"href":"https:\/\/diarionews.com.br\/index.php?rest_route=\/wp\/v2\/posts\/14665\/revisions"}],"predecessor-version":[{"id":14666,"href":"https:\/\/diarionews.com.br\/index.php?rest_route=\/wp\/v2\/posts\/14665\/revisions\/14666"}],"wp:featuredmedia":[{"embeddable":true,"href":"https:\/\/diarionews.com.br\/index.php?rest_route=\/wp\/v2\/media\/2765"}],"wp:attachment":[{"href":"https:\/\/diarionews.com.br\/index.php?rest_route=%2Fwp%2Fv2%2Fmedia&parent=14665"}],"wp:term":[{"taxonomy":"category","embeddable":true,"href":"https:\/\/diarionews.com.br\/index.php?rest_route=%2Fwp%2Fv2%2Fcategories&post=14665"},{"taxonomy":"post_tag","embeddable":true,"href":"https:\/\/diarionews.com.br\/index.php?rest_route=%2Fwp%2Fv2%2Ftags&post=14665"}],"curies":[{"name":"wp","href":"https:\/\/api.w.org\/{rel}","templated":true}]}}