{"id":14662,"date":"2026-09-03T05:42:29","date_gmt":"2026-09-03T09:42:29","guid":{"rendered":"https:\/\/diarionews.com.br\/?p=14662"},"modified":"2026-09-03T05:42:31","modified_gmt":"2026-09-03T09:42:31","slug":"vasco-vence-o-vitoria-no-barradao-e-avanca-a-semifinal-da-copa-do-brasil","status":"publish","type":"post","link":"https:\/\/diarionews.com.br\/?p=14662","title":{"rendered":"Vasco vence o Vit\u00f3ria no Barrad\u00e3o e avan\u00e7a \u00e0 semifinal da Copa do Brasil"},"content":{"rendered":"\n<p>O Vit\u00f3ria est\u00e1 eliminado da Copa do Brasil. O time baiano perdeu por 2 a 0 para o Vasco na noite desta quarta-feira, 2 de setembro de 2026, no Barrad\u00e3o, em Salvador, pelo jogo de volta das quartas de final. Como j\u00e1 havia sido derrotado por 1 a 0 no primeiro confronto, disputado em S\u00e3o Janu\u00e1rio, o Rubro-Negro acabou eliminado com 3 a 0 no placar agregado.<\/p>\n\n\n\n<p>O Vit\u00f3ria come\u00e7ou a partida buscando o resultado necess\u00e1rio para reverter a vantagem vasca\u00edna e teve oportunidades durante o primeiro tempo. O Vasco tamb\u00e9m criou chances e chegou a acertar a trave. No segundo tempo, o time baiano chegou a marcar com Luan C\u00e2ndido, mas o gol foi anulado por impedimento. A equipe comandada por Jair Ventura n\u00e3o conseguiu transformar a press\u00e3o em vantagem no placar.<\/p>\n\n\n\n<p>A classifica\u00e7\u00e3o vasca\u00edna foi definida na reta final. Aos 35 minutos do segundo tempo, Andr\u00e9s G\u00f3mez recebeu pela esquerda, avan\u00e7ou e acertou um chute de fora da \u00e1rea para abrir o placar. J\u00e1 aos 51 minutos, nos acr\u00e9scimos, Puma Rodr\u00edguez marcou o segundo gol e confirmou a vit\u00f3ria por 2 a 0. G\u00f3mez voltou a ser decisivo contra o Vit\u00f3ria depois de tamb\u00e9m marcar no jogo de ida.<\/p>\n\n\n\n<p>Com a elimina\u00e7\u00e3o, o Vit\u00f3ria chegou \u00e0 quarta derrota consecutiva na temporada. Nos \u00faltimos seis jogos, o Rubro-Negro acumula cinco derrotas e apenas uma vit\u00f3ria. A equipe havia conseguido avan\u00e7ar na Copa do Brasil depois de eliminar Flamengo e Athletico-PR nas fases anteriores, mas n\u00e3o repetiu a rea\u00e7\u00e3o diante do Vasco.<\/p>\n\n\n\n<p>O Vasco, por sua vez, garantiu vaga na semifinal da Copa do Brasil pelo terceiro ano consecutivo e ter\u00e1 o Palmeiras como advers\u00e1rio. O clube paulista eliminou o Santos e ser\u00e1 o pr\u00f3ximo desafio vasca\u00edno na competi\u00e7\u00e3o. Na outra semifinal, o Atl\u00e9tico-MG aguarda a defini\u00e7\u00e3o entre Gr\u00eamio e Internacional, que se enfrentam nesta quinta-feira, 3 de setembro, \u00e0s 20h, na Arena do Gr\u00eamio.<\/p>\n\n\n\n<p>Fora da Copa do Brasil, o Vit\u00f3ria passa a concentrar sua campanha no Campeonato Brasileiro. O Le\u00e3o ocupa atualmente a 13\u00aa coloca\u00e7\u00e3o, com 29 pontos, quatro a mais que o Vasco, primeiro clube dentro da zona de rebaixamento. O pr\u00f3ximo compromisso ser\u00e1 contra o Gr\u00eamio, na segunda-feira, 7 de setembro, \u00e0s 20h, novamente no Barrad\u00e3o, pela 26\u00aa rodada da S\u00e9rie A.<\/p>\n","protected":false},"excerpt":{"rendered":"<p>O Vit\u00f3ria est\u00e1 eliminado da Copa do Brasil. O time baiano perdeu por 2 a 0 para o Vasco na noite desta quarta-feira, 2 de setembro de 2026, no Barrad\u00e3o, em Salvador, pelo jogo de volta das quartas de final. Como j\u00e1 havia sido derrotado por 1 a 0 no primeiro confronto, disputado em S\u00e3o [&hellip;]<\/p>\n","protected":false},"author":3,"featured_media":14663,"comment_status":"open","ping_status":"open","sticky":false,"template":"","format":"standard","meta":{"footnotes":""},"categories":[13],"tags":[],"class_list":["post-14662","post","type-post","status-publish","format-standard","has-post-thumbnail","hentry","category-esportes"],"_links":{"self":[{"href":"https:\/\/diarionews.com.br\/index.php?rest_route=\/wp\/v2\/posts\/14662","targetHints":{"allow":["GET"]}}],"collection":[{"href":"https:\/\/diarionews.com.br\/index.php?rest_route=\/wp\/v2\/posts"}],"about":[{"href":"https:\/\/diarionews.com.br\/index.php?rest_route=\/wp\/v2\/types\/post"}],"author":[{"embeddable":true,"href":"https:\/\/diarionews.com.br\/index.php?rest_route=\/wp\/v2\/users\/3"}],"replies":[{"embeddable":true,"href":"https:\/\/diarionews.com.br\/index.php?rest_route=%2Fwp%2Fv2%2Fcomments&post=14662"}],"version-history":[{"count":1,"href":"https:\/\/diarionews.com.br\/index.php?rest_route=\/wp\/v2\/posts\/14662\/revisions"}],"predecessor-version":[{"id":14664,"href":"https:\/\/diarionews.com.br\/index.php?rest_route=\/wp\/v2\/posts\/14662\/revisions\/14664"}],"wp:featuredmedia":[{"embeddable":true,"href":"https:\/\/diarionews.com.br\/index.php?rest_route=\/wp\/v2\/media\/14663"}],"wp:attachment":[{"href":"https:\/\/diarionews.com.br\/index.php?rest_route=%2Fwp%2Fv2%2Fmedia&parent=14662"}],"wp:term":[{"taxonomy":"category","embeddable":true,"href":"https:\/\/diarionews.com.br\/index.php?rest_route=%2Fwp%2Fv2%2Fcategories&post=14662"},{"taxonomy":"post_tag","embeddable":true,"href":"https:\/\/diarionews.com.br\/index.php?rest_route=%2Fwp%2Fv2%2Ftags&post=14662"}],"curies":[{"name":"wp","href":"https:\/\/api.w.org\/{rel}","templated":true}]}}