{"id":14659,"date":"2026-09-03T06:17:35","date_gmt":"2026-09-03T10:17:35","guid":{"rendered":"https:\/\/diarionews.com.br\/?p=14659"},"modified":"2026-09-03T06:17:37","modified_gmt":"2026-09-03T10:17:37","slug":"mendonca-confirma-encontro-unico-com-daniel-vorcaro-do-banco-master","status":"publish","type":"post","link":"https:\/\/diarionews.com.br\/?p=14659","title":{"rendered":"Mendon\u00e7a confirma encontro \u00fanico com Daniel Vorcaro, do Banco Master"},"content":{"rendered":"\n<p>O ministro Andr\u00e9 Mendon\u00e7a, do Supremo Tribunal Federal (STF), confirmou em 2 de setembro de 2026 que se reuniu uma vez com Daniel Vorcaro, ent\u00e3o controlador do Banco Master. O encontro ocorreu em mar\u00e7o de 2025, em S\u00e3o Paulo, antes de Mendon\u00e7a assumir a relatoria das investiga\u00e7\u00f5es relacionadas ao caso da institui\u00e7\u00e3o financeira. A confirma\u00e7\u00e3o foi divulgada pelo gabinete do ministro ap\u00f3s a publica\u00e7\u00e3o de mensagens e \u00e1udios encontrados no celular de Vorcaro.<\/p>\n\n\n\n<p>Segundo a vers\u00e3o apresentada por Mendon\u00e7a, a reuni\u00e3o ocorreu por iniciativa de Vorcaro e teve como assunto a Suspens\u00e3o de Tutela Provis\u00f3ria (STP) 976, processo que tramitava no Supremo e envolvia cr\u00e9ditos de precat\u00f3rios de interesse do Banco Master. O ministro afirmou que recebeu o empres\u00e1rio uma \u00fanica vez e que se limitou a ouvi-lo. O gabinete informou ainda que os memoriais apresentados durante o encontro foram registrados e permaneceram no gabinete.<\/p>\n\n\n\n<p>Mensagens e \u00e1udios extra\u00eddos do aparelho de Vorcaro, entretanto, trouxeram novos elementos sobre a aproxima\u00e7\u00e3o. O material divulgado nos \u00faltimos dias indica que o advogado Ciro Rocha Soares e o deputado federal Cezinha de Madureira (PL-SP) participaram da articula\u00e7\u00e3o para aproximar o ent\u00e3o dono do Banco Master de Mendon\u00e7a. Em uma das grava\u00e7\u00f5es, o advogado relata a Vorcaro que estava trabalhando para viabilizar a aproxima\u00e7\u00e3o e menciona ter conversado com o ministro sobre a situa\u00e7\u00e3o do banco.<\/p>\n\n\n\n<p>De acordo com os registros divulgados pela imprensa, o encontro ocorreu em 14 de mar\u00e7o de 2025, no Instituto Iter, fundado por Andr\u00e9 Mendon\u00e7a, em S\u00e3o Paulo. Reportagens apontam que a reuni\u00e3o durou aproximadamente duas horas. O gabinete do ministro confirmou a realiza\u00e7\u00e3o do encontro, mas apresentou uma vers\u00e3o diferente daquela sugerida pelos di\u00e1logos entre terceiros, sustentando que o assunto tratado foi a STP 976 e que Mendon\u00e7a n\u00e3o comenta conversas privadas entre outras pessoas.<\/p>\n\n\n\n<p>O encontro de mar\u00e7o de 2025, portanto, est\u00e1 confirmado, mas o contexto exato da conversa permanece objeto de controv\u00e9rsia. Os materiais encontrados no celular de Vorcaro indicam uma articula\u00e7\u00e3o pr\u00e9via para a aproxima\u00e7\u00e3o, enquanto Mendon\u00e7a afirma que tratou apenas do processo relacionado aos precat\u00f3rios e que sua atua\u00e7\u00e3o posterior n\u00e3o favoreceu os interesses do empres\u00e1rio. At\u00e9 o momento, as informa\u00e7\u00f5es divulgadas n\u00e3o demonstram, por si s\u00f3, que o ministro tenha cometido irregularidade em raz\u00e3o do encontro.<\/p>\n","protected":false},"excerpt":{"rendered":"<p>O ministro Andr\u00e9 Mendon\u00e7a, do Supremo Tribunal Federal (STF), confirmou em 2 de setembro de 2026 que se reuniu uma vez com Daniel Vorcaro, ent\u00e3o controlador do Banco Master. O encontro ocorreu em mar\u00e7o de 2025, em S\u00e3o Paulo, antes de Mendon\u00e7a assumir a relatoria das investiga\u00e7\u00f5es relacionadas ao caso da institui\u00e7\u00e3o financeira. A confirma\u00e7\u00e3o [&hellip;]<\/p>\n","protected":false},"author":3,"featured_media":14660,"comment_status":"open","ping_status":"open","sticky":false,"template":"","format":"standard","meta":{"footnotes":""},"categories":[12],"tags":[956],"class_list":["post-14659","post","type-post","status-publish","format-standard","has-post-thumbnail","hentry","category-nacionais","tag-importante"],"_links":{"self":[{"href":"https:\/\/diarionews.com.br\/index.php?rest_route=\/wp\/v2\/posts\/14659","targetHints":{"allow":["GET"]}}],"collection":[{"href":"https:\/\/diarionews.com.br\/index.php?rest_route=\/wp\/v2\/posts"}],"about":[{"href":"https:\/\/diarionews.com.br\/index.php?rest_route=\/wp\/v2\/types\/post"}],"author":[{"embeddable":true,"href":"https:\/\/diarionews.com.br\/index.php?rest_route=\/wp\/v2\/users\/3"}],"replies":[{"embeddable":true,"href":"https:\/\/diarionews.com.br\/index.php?rest_route=%2Fwp%2Fv2%2Fcomments&post=14659"}],"version-history":[{"count":1,"href":"https:\/\/diarionews.com.br\/index.php?rest_route=\/wp\/v2\/posts\/14659\/revisions"}],"predecessor-version":[{"id":14661,"href":"https:\/\/diarionews.com.br\/index.php?rest_route=\/wp\/v2\/posts\/14659\/revisions\/14661"}],"wp:featuredmedia":[{"embeddable":true,"href":"https:\/\/diarionews.com.br\/index.php?rest_route=\/wp\/v2\/media\/14660"}],"wp:attachment":[{"href":"https:\/\/diarionews.com.br\/index.php?rest_route=%2Fwp%2Fv2%2Fmedia&parent=14659"}],"wp:term":[{"taxonomy":"category","embeddable":true,"href":"https:\/\/diarionews.com.br\/index.php?rest_route=%2Fwp%2Fv2%2Fcategories&post=14659"},{"taxonomy":"post_tag","embeddable":true,"href":"https:\/\/diarionews.com.br\/index.php?rest_route=%2Fwp%2Fv2%2Ftags&post=14659"}],"curies":[{"name":"wp","href":"https:\/\/api.w.org\/{rel}","templated":true}]}}