{"id":14656,"date":"2026-09-03T06:17:27","date_gmt":"2026-09-03T10:17:27","guid":{"rendered":"https:\/\/diarionews.com.br\/?p=14656"},"modified":"2026-09-03T06:17:29","modified_gmt":"2026-09-03T10:17:29","slug":"proposta-de-atualizacao-do-plano-diretor-de-alta-floresta-e-entregue-a-camara-municipal","status":"publish","type":"post","link":"https:\/\/diarionews.com.br\/?p=14656","title":{"rendered":"Proposta de atualiza\u00e7\u00e3o do Plano Diretor de Alta Floresta \u00e9 entregue \u00e0 C\u00e2mara Municipal"},"content":{"rendered":"\n<p>O prefeito interino Robson Quintino entregou, na manh\u00e3 desta ter\u00e7a-feira (1\u00ba), ao presidente da C\u00e2mara Municipal de Alta Floresta, vereador Francisco Ailton dos Santos, a proposta de atualiza\u00e7\u00e3o do Plano Diretor do munic\u00edpio. O documento incorpora novos marcos legais e moderniza as diretrizes que dever\u00e3o orientar o crescimento e o desenvolvimento urbano de Alta Floresta nos pr\u00f3ximos anos.<\/p>\n\n\n\n<p>Durante a entrega, Robson Quintino destacou que a elabora\u00e7\u00e3o da proposta foi constru\u00edda a partir de um amplo processo de di\u00e1logo com a sociedade e com diferentes segmentos envolvidos no planejamento urbano. Segundo ele, foram realizadas audi\u00eancias p\u00fablicas, al\u00e9m de mesas t\u00e9cnicas com vereadores, engenheiros, arquitetos e demais profissionais do munic\u00edpio.<\/p>\n\n\n\n<p>&nbsp;&nbsp;&nbsp;&nbsp;&nbsp;&nbsp;&nbsp;&nbsp;&nbsp;&nbsp;&nbsp; \u201cAs mudan\u00e7as v\u00eam com moderniza\u00e7\u00e3o. Temos muitos marcos legais que estamos trazendo para dentro do Plano Diretor. Foi um plano muito discutido, com audi\u00eancias p\u00fablicas que tiveram uma participa\u00e7\u00e3o muito boa, al\u00e9m de mesas t\u00e9cnicas com os vereadores e com os t\u00e9cnicos da cidade, engenheiros e arquitetos. Fizemos um amplo di\u00e1logo\u201d, afirmou o prefeito interino.<\/p>\n\n\n\n<p>Entre as principais mudan\u00e7as previstas est\u00e1 a amplia\u00e7\u00e3o do per\u00edmetro urbano, medida que busca preparar o munic\u00edpio para o crescimento e a expans\u00e3o imobili\u00e1ria. A atualiza\u00e7\u00e3o tamb\u00e9m estabelece diretrizes para o futuro parcelamento do solo, permitindo que a expans\u00e3o da cidade ocorra de forma planejada e alinhada \u00e0s necessidades de infraestrutura e ordenamento urbano.<\/p>\n\n\n\n<p>De acordo com o Prefeito, o novo Plano Diretor ser\u00e1 a legisla\u00e7\u00e3o de refer\u00eancia para a constru\u00e7\u00e3o e atualiza\u00e7\u00e3o de normas complementares. A proposta funciona como uma esp\u00e9cie de legisla\u00e7\u00e3o estruturante, a partir da qual dever\u00e3o ser organizados instrumentos como o C\u00f3digo de Posturas e o Plano de Mobilidade Urbana.<\/p>\n\n\n\n<p>\u201cEsse Plano Diretor j\u00e1 vem como uma lei macro, uma lei guarda-chuva, onde teremos as leis complementares. Estamos trabalhando tamb\u00e9m no Plano de Mobilidade, que j\u00e1 teve in\u00edcio. A ideia \u00e9 termos uma nova legisla\u00e7\u00e3o moderna, condizente com a realidade e que possa dar suporte ao desenvolvimento de Alta Floresta\u201d, explicou.<\/p>\n\n\n\n<p>Com a entrega oficial do documento, a proposta passa a tramitar na C\u00e2mara Municipal. O presidente Francisco Ailton dos Santos informou que o projeto ser\u00e1 encaminhado \u00e0 Secretaria Parlamentar para a ado\u00e7\u00e3o das provid\u00eancias necess\u00e1rias e o cumprimento dos tr\u00e2mites legais.<\/p>\n\n\n\n<p>Segundo o presidente, o Legislativo tamb\u00e9m dever\u00e1 promover a divulga\u00e7\u00e3o e o conhecimento da proposta junto \u00e0 popula\u00e7\u00e3o, garantindo transpar\u00eancia ao processo de an\u00e1lise e vota\u00e7\u00e3o.<\/p>\n\n\n\n<p>\u201cVamos tomar todas as provid\u00eancias poss\u00edveis, seguindo os caminhos legais, e convocar a nossa popula\u00e7\u00e3o para que tenha ci\u00eancia do Plano Diretor. O t\u00e3o sonhado Plano Diretor de Alta Floresta est\u00e1 na Casa e agora ser\u00e1 analisado para vota\u00e7\u00e3o\u201d, afirmou Francisco Ailton.<\/p>\n\n\n\n<p><strong>Lindomar Leal<\/strong><\/p>\n\n\n\n<p><strong>Assessoria de Imprensa<\/strong><\/p>\n\n\n\n<p><strong>C\u00e2mara Municipal<\/strong><\/p>\n","protected":false},"excerpt":{"rendered":"<p>O prefeito interino Robson Quintino entregou, na manh\u00e3 desta ter\u00e7a-feira (1\u00ba), ao presidente da C\u00e2mara Municipal de Alta Floresta, vereador Francisco Ailton dos Santos, a proposta de atualiza\u00e7\u00e3o do Plano Diretor do munic\u00edpio. O documento incorpora novos marcos legais e moderniza as diretrizes que dever\u00e3o orientar o crescimento e o desenvolvimento urbano de Alta Floresta [&hellip;]<\/p>\n","protected":false},"author":3,"featured_media":14657,"comment_status":"open","ping_status":"open","sticky":false,"template":"","format":"standard","meta":{"footnotes":""},"categories":[6],"tags":[89,956],"class_list":["post-14656","post","type-post","status-publish","format-standard","has-post-thumbnail","hentry","category-local","tag-altafloresta","tag-importante"],"_links":{"self":[{"href":"https:\/\/diarionews.com.br\/index.php?rest_route=\/wp\/v2\/posts\/14656","targetHints":{"allow":["GET"]}}],"collection":[{"href":"https:\/\/diarionews.com.br\/index.php?rest_route=\/wp\/v2\/posts"}],"about":[{"href":"https:\/\/diarionews.com.br\/index.php?rest_route=\/wp\/v2\/types\/post"}],"author":[{"embeddable":true,"href":"https:\/\/diarionews.com.br\/index.php?rest_route=\/wp\/v2\/users\/3"}],"replies":[{"embeddable":true,"href":"https:\/\/diarionews.com.br\/index.php?rest_route=%2Fwp%2Fv2%2Fcomments&post=14656"}],"version-history":[{"count":1,"href":"https:\/\/diarionews.com.br\/index.php?rest_route=\/wp\/v2\/posts\/14656\/revisions"}],"predecessor-version":[{"id":14658,"href":"https:\/\/diarionews.com.br\/index.php?rest_route=\/wp\/v2\/posts\/14656\/revisions\/14658"}],"wp:featuredmedia":[{"embeddable":true,"href":"https:\/\/diarionews.com.br\/index.php?rest_route=\/wp\/v2\/media\/14657"}],"wp:attachment":[{"href":"https:\/\/diarionews.com.br\/index.php?rest_route=%2Fwp%2Fv2%2Fmedia&parent=14656"}],"wp:term":[{"taxonomy":"category","embeddable":true,"href":"https:\/\/diarionews.com.br\/index.php?rest_route=%2Fwp%2Fv2%2Fcategories&post=14656"},{"taxonomy":"post_tag","embeddable":true,"href":"https:\/\/diarionews.com.br\/index.php?rest_route=%2Fwp%2Fv2%2Ftags&post=14656"}],"curies":[{"name":"wp","href":"https:\/\/api.w.org\/{rel}","templated":true}]}}