{"id":14647,"date":"2026-09-02T07:30:01","date_gmt":"2026-09-02T11:30:01","guid":{"rendered":"https:\/\/diarionews.com.br\/?p=14647"},"modified":"2026-09-02T07:30:04","modified_gmt":"2026-09-02T11:30:04","slug":"alta-de-155-em-ocorrencias-com-carretinhas-na-br-163-acende-alerta-para-uso-adequado","status":"publish","type":"post","link":"https:\/\/diarionews.com.br\/?p=14647","title":{"rendered":"Alta de 155% em ocorr\u00eancias com carretinhas na BR-163 acende alerta para uso adequado"},"content":{"rendered":"\n<p>O n\u00famero de atendimentos na BR-163 envolvendo carretinhas aumentou 155% no primeiro semestre deste ano, em compara\u00e7\u00e3o com o mesmo per\u00edodo de 2025. As ocorr\u00eancias v\u00e3o desde panes at\u00e9 sinistros com v\u00edtimas fatais, refor\u00e7ando que a cautela no uso desses ve\u00edculos e o correto acoplamento s\u00e3o fundamentais para a seguran\u00e7a vi\u00e1ria, especialmente em uma rodovia com alto fluxo de ve\u00edculos.<\/p>\n\n\n\n<figure class=\"wp-block-image size-full is-resized\"><img loading=\"lazy\" decoding=\"async\" width=\"552\" height=\"352\" src=\"https:\/\/diarionews.com.br\/wp-content\/uploads\/2026\/09\/carretinha.png\" alt=\"\" class=\"wp-image-14649\" style=\"width:1047px;height:auto\" srcset=\"https:\/\/diarionews.com.br\/wp-content\/uploads\/2026\/09\/carretinha.png 552w, https:\/\/diarionews.com.br\/wp-content\/uploads\/2026\/09\/carretinha-300x191.png 300w, https:\/\/diarionews.com.br\/wp-content\/uploads\/2026\/09\/carretinha-150x96.png 150w\" sizes=\"auto, (max-width: 552px) 100vw, 552px\" \/><\/figure>\n\n\n\n<p>O diretor de Opera\u00e7\u00f5es e Tecnologia da Nova Rota do Oeste, Wilson Ferreira, explica que as carretinhas s\u00e3o ve\u00edculos adicionais utilizados para transportar volumes que excedem a capacidade do porta-malas ou da ca\u00e7amba de um autom\u00f3vel.<\/p>\n\n\n\n<p>Assim como qualquer outro ve\u00edculo, seu uso deve seguir rigorosamente as normas estabelecidas para garantir a seguran\u00e7a no tr\u00e2nsito, incluindo registro no Detran, emplacamento, sinaliza\u00e7\u00e3o adequada e dispositivos de seguran\u00e7a para o acoplamento.<\/p>\n\n\n\n<p>\u201cAs carretinhas devem passar por manuten\u00e7\u00e3o e inspe\u00e7\u00e3o como qualquer outro ve\u00edculo. O engate tamb\u00e9m precisa seguir as normas e contar com dispositivos de seguran\u00e7a para evitar sinistros graves, inclusive com mortes. J\u00e1 atendemos uma ocorr\u00eancia provocada por um acoplamento prec\u00e1rio, feito com tecido, quando a norma determina a utiliza\u00e7\u00e3o de equipamento homologado e instalado de acordo com as exig\u00eancias previstas\u201d, explica.<\/p>\n\n\n\n<p><strong>Siga o passo a passo para trafegar de forma segura<\/strong><\/p>\n\n\n\n<ul class=\"wp-block-list\">\n<li>Correta distribui\u00e7\u00e3o da carga, respeitando a Capacidade M\u00e1xima de Tra\u00e7\u00e3o (CMT) do ve\u00edculo trator e a capacidade operacional do pr\u00f3prio reboque;<\/li>\n\n\n\n<li>Verifica\u00e7\u00e3o das condi\u00e7\u00f5es da esfera de engate, aus\u00eancia de avarias, utiliza\u00e7\u00e3o adequada da trava de seguran\u00e7a e instala\u00e7\u00e3o das correntes de seguran\u00e7a cruzadas em \u201cX\u201d;<\/li>\n\n\n\n<li>Inspe\u00e7\u00e3o das condi\u00e7\u00f5es e calibragem dos pneus;<\/li>\n\n\n\n<li>Funcionamento adequado do sistema de ilumina\u00e7\u00e3o e sinaliza\u00e7\u00e3o do reboque.<\/li>\n<\/ul>\n\n\n\n<p>Da assessoria<\/p>\n","protected":false},"excerpt":{"rendered":"<p>O n\u00famero de atendimentos na BR-163 envolvendo carretinhas aumentou 155% no primeiro semestre deste ano, em compara\u00e7\u00e3o com o mesmo per\u00edodo de 2025. As ocorr\u00eancias v\u00e3o desde panes at\u00e9 sinistros com v\u00edtimas fatais, refor\u00e7ando que a cautela no uso desses ve\u00edculos e o correto acoplamento s\u00e3o fundamentais para a seguran\u00e7a vi\u00e1ria, especialmente em uma rodovia [&hellip;]<\/p>\n","protected":false},"author":3,"featured_media":14648,"comment_status":"open","ping_status":"open","sticky":false,"template":"","format":"standard","meta":{"footnotes":""},"categories":[18],"tags":[],"class_list":["post-14647","post","type-post","status-publish","format-standard","has-post-thumbnail","hentry","category-estaduais"],"_links":{"self":[{"href":"https:\/\/diarionews.com.br\/index.php?rest_route=\/wp\/v2\/posts\/14647","targetHints":{"allow":["GET"]}}],"collection":[{"href":"https:\/\/diarionews.com.br\/index.php?rest_route=\/wp\/v2\/posts"}],"about":[{"href":"https:\/\/diarionews.com.br\/index.php?rest_route=\/wp\/v2\/types\/post"}],"author":[{"embeddable":true,"href":"https:\/\/diarionews.com.br\/index.php?rest_route=\/wp\/v2\/users\/3"}],"replies":[{"embeddable":true,"href":"https:\/\/diarionews.com.br\/index.php?rest_route=%2Fwp%2Fv2%2Fcomments&post=14647"}],"version-history":[{"count":1,"href":"https:\/\/diarionews.com.br\/index.php?rest_route=\/wp\/v2\/posts\/14647\/revisions"}],"predecessor-version":[{"id":14650,"href":"https:\/\/diarionews.com.br\/index.php?rest_route=\/wp\/v2\/posts\/14647\/revisions\/14650"}],"wp:featuredmedia":[{"embeddable":true,"href":"https:\/\/diarionews.com.br\/index.php?rest_route=\/wp\/v2\/media\/14648"}],"wp:attachment":[{"href":"https:\/\/diarionews.com.br\/index.php?rest_route=%2Fwp%2Fv2%2Fmedia&parent=14647"}],"wp:term":[{"taxonomy":"category","embeddable":true,"href":"https:\/\/diarionews.com.br\/index.php?rest_route=%2Fwp%2Fv2%2Fcategories&post=14647"},{"taxonomy":"post_tag","embeddable":true,"href":"https:\/\/diarionews.com.br\/index.php?rest_route=%2Fwp%2Fv2%2Ftags&post=14647"}],"curies":[{"name":"wp","href":"https:\/\/api.w.org\/{rel}","templated":true}]}}