{"id":14638,"date":"2026-09-02T10:18:00","date_gmt":"2026-09-02T14:18:00","guid":{"rendered":"https:\/\/diarionews.com.br\/?p=14638"},"modified":"2026-09-02T07:19:04","modified_gmt":"2026-09-02T11:19:04","slug":"ira-ataca-posicoes-dos-eua-em-cinco-paises-e-amplia-tensao-no-oriente-medio","status":"publish","type":"post","link":"https:\/\/diarionews.com.br\/?p=14638","title":{"rendered":"Ir\u00e3 ataca posi\u00e7\u00f5es dos EUA em cinco pa\u00edses e amplia tens\u00e3o no Oriente M\u00e9dio"},"content":{"rendered":"\n<p>A tens\u00e3o entre Ir\u00e3 e Estados Unidos voltou a subir de forma dram\u00e1tica nesta quarta-feira, 2 de setembro de 2026, depois que for\u00e7as iranianas anunciaram uma s\u00e9rie de ataques simult\u00e2neos contra posi\u00e7\u00f5es militares americanas em cinco pa\u00edses do Oriente M\u00e9dio. A Guarda Revolucion\u00e1ria Isl\u00e2mica do Ir\u00e3 (IRGC) afirmou ter lan\u00e7ado m\u00edsseis e drones contra instala\u00e7\u00f5es dos Estados Unidos no Kuwait, na Jord\u00e2nia, no Bahrein, nos Emirados \u00c1rabes Unidos e na regi\u00e3o de Erbil, no Iraque.<\/p>\n\n\n\n<p>A ofensiva iraniana ocorreu poucas horas depois de uma nova onda de ataques dos Estados Unidos contra alvos militares no Ir\u00e3. O Comando Central americano informou que suas for\u00e7as atingiram estruturas ligadas \u00e0 Guarda Revolucion\u00e1ria, incluindo sistemas de defesa a\u00e9rea, radares, instala\u00e7\u00f5es mar\u00edtimas, equipamentos relacionados \u00e0 coloca\u00e7\u00e3o de minas e centros de comunica\u00e7\u00e3o.<\/p>\n\n\n\n<p>Em resposta, a IRGC declarou que iniciou uma opera\u00e7\u00e3o de retalia\u00e7\u00e3o contra posi\u00e7\u00f5es americanas na regi\u00e3o. No Kuwait, os iranianos afirmaram ter utilizado uma combina\u00e7\u00e3o de m\u00edsseis e drones contra a base de Ali Al Salem, incluindo o quartel-general e a \u00e1rea de alojamento do comandante americano. A Guarda Revolucion\u00e1ria tamb\u00e9m alegou ter provocado inc\u00eandios em estruturas utilizadas para lan\u00e7amento e opera\u00e7\u00e3o de drones.<\/p>\n\n\n\n<p>Nos Emirados \u00c1rabes Unidos, o Ex\u00e9rcito iraniano informou que dezenas de drones explosivos foram utilizados contra sistemas de radar e posi\u00e7\u00f5es ocupadas por for\u00e7as americanas nas bases de Al Dhafra e Al Minhad. Segundo Teer\u00e3, os ataques fazem parte da 30\u00aa fase da chamada Opera\u00e7\u00e3o Sa&#8217;eqeh.<\/p>\n\n\n\n<p>O Bahrein tamb\u00e9m foi inclu\u00eddo na ofensiva. A IRGC afirmou que instala\u00e7\u00f5es americanas na base a\u00e9rea Sheikh Isa foram atacadas com drones, enquanto as autoridades militares do pa\u00eds disseram que seus sistemas de defesa a\u00e9rea interceptaram e destru\u00edram v\u00e1rios ataques iranianos.<\/p>\n\n\n\n<p>Na Jord\u00e2nia, o Ex\u00e9rcito informou que seus sistemas de defesa a\u00e9rea enfrentaram uma salva de m\u00edsseis bal\u00edsticos. Segundo as autoridades jordanianas, 13 m\u00edsseis entraram no espa\u00e7o a\u00e9reo do pa\u00eds, dos quais 10 foram interceptados e tr\u00eas ca\u00edram em \u00e1reas remotas. At\u00e9 as informa\u00e7\u00f5es mais recentes, n\u00e3o havia confirma\u00e7\u00e3o de v\u00edtimas provocadas pelos ataques em territ\u00f3rio jordaniano.<\/p>\n\n\n\n<p>A regi\u00e3o de Erbil, no norte do Iraque, tamb\u00e9m foi alvo. A IRGC afirmou que realizou ataques combinados de m\u00edsseis e drones contra instala\u00e7\u00f5es militares americanas e alegou ter atingido equipamentos e estruturas utilizadas pelas for\u00e7as dos Estados Unidos. As autoridades americanas e iraquianas ainda n\u00e3o haviam confirmado todas as alega\u00e7\u00f5es iranianas sobre danos e poss\u00edveis mortes no local.<\/p>\n\n\n\n<p>O Ir\u00e3 afirma que os ataques s\u00e3o uma resposta direta \u00e0 nova ofensiva americana. A Guarda Revolucion\u00e1ria tamb\u00e9m advertiu os pa\u00edses \u00e1rabes que mant\u00eam tropas ou bases dos Estados Unidos em seus territ\u00f3rios. O general Yadollah Javani, vice-comandante pol\u00edtico da IRGC, disse que seria melhor para esses pa\u00edses expulsarem as for\u00e7as americanas e retomarem o controle das bases.<\/p>\n\n\n\n<p>A nova escalada ocorre depois de um per\u00edodo de relativa redu\u00e7\u00e3o dos confrontos diretos. O retorno dos ataques representa uma ruptura com a situa\u00e7\u00e3o das \u00faltimas semanas e aumenta o risco de que o conflito se espalhe ainda mais pelo Oriente M\u00e9dio.<\/p>\n\n\n\n<p>Um dos principais pontos de preocupa\u00e7\u00e3o \u00e9 o Estreito de Ormuz, passagem mar\u00edtima estrat\u00e9gica por onde circula uma parcela significativa do petr\u00f3leo comercializado internacionalmente. O Ir\u00e3 tem amea\u00e7ado impedir a passagem de navios considerados ligados aos Estados Unidos e intensificado as a\u00e7\u00f5es contra embarca\u00e7\u00f5es na regi\u00e3o.<\/p>\n\n\n\n<p>A Guarda Revolucion\u00e1ria afirmou nesta quarta-feira que dois petroleiros atingiram minas mar\u00edtimas enquanto tentavam atravessar o estreito. A informa\u00e7\u00e3o ainda depende de confirma\u00e7\u00e3o independente. Em outro epis\u00f3dio, a empresa mar\u00edtima saudita Bahri informou que dois tripulantes filipinos morreram em um incidente de seguran\u00e7a envolvendo o navio \u201cSIDR\u201d, ocorrido enquanto a embarca\u00e7\u00e3o atravessava o Estreito de Ormuz em 31 de agosto.<\/p>\n\n\n\n<p>A crise mar\u00edtima aumenta a preocupa\u00e7\u00e3o nos mercados internacionais porque qualquer interrup\u00e7\u00e3o prolongada do tr\u00e1fego pelo estreito pode afetar diretamente o fornecimento mundial de petr\u00f3leo. A possibilidade de uma paralisa\u00e7\u00e3o ou redu\u00e7\u00e3o significativa da passagem de navios j\u00e1 vem pressionando os pre\u00e7os da energia e aumentando os riscos para o com\u00e9rcio global.<\/p>\n\n\n\n<p>Dentro do Ir\u00e3, os ataques americanos tamb\u00e9m provocaram novas v\u00edtimas. Autoridades iranianas afirmaram que uma ofensiva dos Estados Unidos atingiu uma \u00e1rea residencial em Sirik, no sul do pa\u00eds, onde acontecia uma festa de casamento. Segundo informa\u00e7\u00f5es divulgadas por autoridades e pela imprensa estatal iraniana, houve mortos e dezenas de feridos.<\/p>\n\n\n\n<p><\/p>\n","protected":false},"excerpt":{"rendered":"<p>A tens\u00e3o entre Ir\u00e3 e Estados Unidos voltou a subir de forma dram\u00e1tica nesta quarta-feira, 2 de setembro de 2026, depois que for\u00e7as iranianas anunciaram uma s\u00e9rie de ataques simult\u00e2neos contra posi\u00e7\u00f5es militares americanas em cinco pa\u00edses do Oriente M\u00e9dio. A Guarda Revolucion\u00e1ria Isl\u00e2mica do Ir\u00e3 (IRGC) afirmou ter lan\u00e7ado m\u00edsseis e drones contra instala\u00e7\u00f5es [&hellip;]<\/p>\n","protected":false},"author":3,"featured_media":14639,"comment_status":"open","ping_status":"open","sticky":false,"template":"","format":"standard","meta":{"footnotes":""},"categories":[11],"tags":[],"class_list":["post-14638","post","type-post","status-publish","format-standard","has-post-thumbnail","hentry","category-mundo"],"_links":{"self":[{"href":"https:\/\/diarionews.com.br\/index.php?rest_route=\/wp\/v2\/posts\/14638","targetHints":{"allow":["GET"]}}],"collection":[{"href":"https:\/\/diarionews.com.br\/index.php?rest_route=\/wp\/v2\/posts"}],"about":[{"href":"https:\/\/diarionews.com.br\/index.php?rest_route=\/wp\/v2\/types\/post"}],"author":[{"embeddable":true,"href":"https:\/\/diarionews.com.br\/index.php?rest_route=\/wp\/v2\/users\/3"}],"replies":[{"embeddable":true,"href":"https:\/\/diarionews.com.br\/index.php?rest_route=%2Fwp%2Fv2%2Fcomments&post=14638"}],"version-history":[{"count":1,"href":"https:\/\/diarionews.com.br\/index.php?rest_route=\/wp\/v2\/posts\/14638\/revisions"}],"predecessor-version":[{"id":14640,"href":"https:\/\/diarionews.com.br\/index.php?rest_route=\/wp\/v2\/posts\/14638\/revisions\/14640"}],"wp:featuredmedia":[{"embeddable":true,"href":"https:\/\/diarionews.com.br\/index.php?rest_route=\/wp\/v2\/media\/14639"}],"wp:attachment":[{"href":"https:\/\/diarionews.com.br\/index.php?rest_route=%2Fwp%2Fv2%2Fmedia&parent=14638"}],"wp:term":[{"taxonomy":"category","embeddable":true,"href":"https:\/\/diarionews.com.br\/index.php?rest_route=%2Fwp%2Fv2%2Fcategories&post=14638"},{"taxonomy":"post_tag","embeddable":true,"href":"https:\/\/diarionews.com.br\/index.php?rest_route=%2Fwp%2Fv2%2Ftags&post=14638"}],"curies":[{"name":"wp","href":"https:\/\/api.w.org\/{rel}","templated":true}]}}