{"id":14632,"date":"2026-09-02T08:13:00","date_gmt":"2026-09-02T12:13:00","guid":{"rendered":"https:\/\/diarionews.com.br\/?p=14632"},"modified":"2026-09-02T07:14:43","modified_gmt":"2026-09-02T11:14:43","slug":"familia-nada-tradicional-rainha-do-rodeio-revela-trisal-com-irma-gemea-e-agricultor-em-goias","status":"publish","type":"post","link":"https:\/\/diarionews.com.br\/?p=14632","title":{"rendered":"Familia &#8220;nada&#8221; tradicional: Rainha do rodeio revela trisal com irm\u00e3 g\u00eamea e agricultor em Goi\u00e1s"},"content":{"rendered":"\n<p>Lara Alves Rueda, de 35 anos, eleita rainha do rodeio de Montividiu, em Goi\u00e1s, revelou que vive h\u00e1 cerca de seis anos um relacionamento a tr\u00eas com a irm\u00e3 g\u00eamea, Laila Alves Rueda, e o agricultor Maicon Rueda, de 43 anos. A hist\u00f3ria ganhou repercuss\u00e3o nas redes sociais nesta segunda-feira, 31 de agosto de 2026, um dia depois de Lara ser escolhida para representar o rodeio do munic\u00edpio, durante um evento realizado no domingo, 30 de agosto.<\/p>\n\n\n\n<p>Os tr\u00eas vivem juntos em Montividiu, no sudoeste de Goi\u00e1s, onde dividem a mesma casa, a rotina familiar e a cria\u00e7\u00e3o dos filhos. Lara e Laila s\u00e3o irm\u00e3s g\u00eameas e, apesar de integrarem o mesmo relacionamento com Maicon, afirmam que n\u00e3o mant\u00eam uma rela\u00e7\u00e3o amorosa ou \u00edntima entre si. O v\u00ednculo afetivo ocorre separadamente entre o agricultor e cada uma das irm\u00e3s.<\/p>\n\n\n\n<p>A hist\u00f3ria come\u00e7ou antes da forma\u00e7\u00e3o do trisal. Lara contou que namorou Maicon durante dois anos, mas o relacionamento terminou. Depois da separa\u00e7\u00e3o, foi Laila quem iniciou um relacionamento com o agricultor. Cerca de quatro anos mais tarde, surgiu a possibilidade de os tr\u00eas assumirem uma rela\u00e7\u00e3o conjunta.<\/p>\n\n\n\n<p>Segundo Lara, a proposta partiu da pr\u00f3pria irm\u00e3. Em conversa sobre os sentimentos que ainda existiam pelo agricultor, Laila perguntou se Lara continuava gostando dele e, diante da resposta positiva, sugeriu que os tr\u00eas ficassem juntos. Lara afirmou que inicialmente rejeitou a ideia e considerou que o relacionamento n\u00e3o daria certo, mas acabou mudando de opini\u00e3o depois das tentativas da irm\u00e3.<\/p>\n\n\n\n<p>Desde ent\u00e3o, Lara, Laila e Maicon passaram a construir uma rotina conjunta. A rela\u00e7\u00e3o inclui a conviv\u00eancia di\u00e1ria na mesma resid\u00eancia, a divis\u00e3o das responsabilidades familiares e a cria\u00e7\u00e3o dos filhos. A estrutura familiar tornou-se parte da rotina dos tr\u00eas ao longo dos aproximadamente seis anos de relacionamento.<\/p>\n\n\n\n<p>A organiza\u00e7\u00e3o da intimidade tamb\u00e9m segue regras estabelecidas pelas pr\u00f3prias irm\u00e3s. Lara explicou que existe um sistema de revezamento entre ela e Laila para os momentos a s\u00f3s com Maicon. A din\u00e2mica foi resumida por ela na frase \u201cUma noite minha e uma dela\u201d, que acabou ganhando destaque na repercuss\u00e3o da entrevista.<\/p>\n\n\n\n<p>Apesar da configura\u00e7\u00e3o pouco convencional da fam\u00edlia, Lara faz quest\u00e3o de diferenciar a rela\u00e7\u00e3o que mant\u00e9m com a irm\u00e3 daquela que mant\u00e9m com Maicon. Segundo ela, n\u00e3o existe envolvimento amoroso ou \u00edntimo entre as g\u00eameas. O relacionamento afetivo acontece individualmente entre cada uma delas e o agricultor.<\/p>\n\n\n\n<p>A fam\u00edlia tamb\u00e9m \u00e9 formada por crian\u00e7as. Laila \u00e9 m\u00e3e de um menino de 11 anos, enquanto Lara tem um filho de 5 anos. As duas afirmam que os meninos convivem dentro da mesma estrutura familiar e que a semelhan\u00e7a f\u00edsica entre eles chama a aten\u00e7\u00e3o, apesar da diferen\u00e7a de idade.<\/p>\n\n\n\n<p>A exposi\u00e7\u00e3o p\u00fablica da fam\u00edlia ganhou for\u00e7a justamente ap\u00f3s Lara conquistar o t\u00edtulo de rainha do rodeio de Montividiu. A escolha ocorreu na noite de domingo, 30 de agosto, e rapidamente levou o nome dela \u00e0s redes sociais. No dia seguinte, a revela\u00e7\u00e3o sobre o relacionamento com a irm\u00e3 e Maicon ampliou ainda mais a repercuss\u00e3o.<\/p>\n\n\n\n<p>Montividiu \u00e9 um munic\u00edpio localizado no sudoeste de Goi\u00e1s e tem forte liga\u00e7\u00e3o com atividades agropecu\u00e1rias. \u00c9 nesse ambiente que Lara, Laila e Maicon constru\u00edram a vida familiar ao longo dos \u00faltimos anos, mantendo uma rotina que, segundo os pr\u00f3prios integrantes, funciona com acordos definidos entre os tr\u00eas.<\/p>\n\n\n\n<p>A hist\u00f3ria tamb\u00e9m despertou curiosidade pela forma como a rela\u00e7\u00e3o come\u00e7ou. Diferentemente de uma uni\u00e3o planejada desde o in\u00edcio, o relacionamento a tr\u00eas surgiu depois de rela\u00e7\u00f5es separadas entre Lara e Maicon e, posteriormente, entre Laila e o agricultor. A entrada de Lara novamente na vida de Maicon acabou levando \u00e0 forma\u00e7\u00e3o do relacionamento atual.<\/p>\n\n\n\n<p>A repercuss\u00e3o nas redes sociais ocorreu principalmente pela combina\u00e7\u00e3o de dois acontecimentos recentes: a escolha de Lara como rainha do rodeio e a revela\u00e7\u00e3o p\u00fablica sobre sua vida pessoal. A exposi\u00e7\u00e3o fez com que detalhes da rotina do trio passassem a ser compartilhados por ve\u00edculos de comunica\u00e7\u00e3o e perfis nas redes sociais.<\/p>\n\n\n\n<p>Mesmo com a aten\u00e7\u00e3o recebida, Lara e Laila continuam vivendo em Montividiu ao lado de Maicon. A fam\u00edlia mant\u00e9m a rotina compartilhada e os cuidados com os filhos, enquanto Lara passa a cumprir tamb\u00e9m o papel de representante do rodeio local ap\u00f3s ser escolhida rainha.<\/p>\n\n\n\n<p>A hist\u00f3ria das g\u00eameas e do agricultor ganhou destaque por fugir dos modelos tradicionais de relacionamento, mas os tr\u00eas afirmam ter encontrado uma forma pr\u00f3pria de organizar a vida em comum. A experi\u00eancia, segundo os relatos divulgados, \u00e9 baseada em acordos sobre conviv\u00eancia, responsabilidades familiares e divis\u00e3o do tempo entre Lara e Laila.<\/p>\n\n\n\n<p>A revela\u00e7\u00e3o ocorre, portanto, em um momento de grande visibilidade para Lara, que passou a ocupar o posto de rainha do rodeio de Montividiu. Aos 35 anos, ela viu sua vida pessoal se tornar assunto nacional depois de compartilhar publicamente uma rela\u00e7\u00e3o que, segundo o trio, j\u00e1 faz parte da rotina familiar h\u00e1 aproximadamente seis anos.<\/p>\n","protected":false},"excerpt":{"rendered":"<p>Lara Alves Rueda, de 35 anos, eleita rainha do rodeio de Montividiu, em Goi\u00e1s, revelou que vive h\u00e1 cerca de seis anos um relacionamento a tr\u00eas com a irm\u00e3 g\u00eamea, Laila Alves Rueda, e o agricultor Maicon Rueda, de 43 anos. A hist\u00f3ria ganhou repercuss\u00e3o nas redes sociais nesta segunda-feira, 31 de agosto de 2026, [&hellip;]<\/p>\n","protected":false},"author":3,"featured_media":14633,"comment_status":"open","ping_status":"open","sticky":false,"template":"","format":"standard","meta":{"footnotes":""},"categories":[1],"tags":[],"class_list":["post-14632","post","type-post","status-publish","format-standard","has-post-thumbnail","hentry","category-tiro-e-queda"],"_links":{"self":[{"href":"https:\/\/diarionews.com.br\/index.php?rest_route=\/wp\/v2\/posts\/14632","targetHints":{"allow":["GET"]}}],"collection":[{"href":"https:\/\/diarionews.com.br\/index.php?rest_route=\/wp\/v2\/posts"}],"about":[{"href":"https:\/\/diarionews.com.br\/index.php?rest_route=\/wp\/v2\/types\/post"}],"author":[{"embeddable":true,"href":"https:\/\/diarionews.com.br\/index.php?rest_route=\/wp\/v2\/users\/3"}],"replies":[{"embeddable":true,"href":"https:\/\/diarionews.com.br\/index.php?rest_route=%2Fwp%2Fv2%2Fcomments&post=14632"}],"version-history":[{"count":1,"href":"https:\/\/diarionews.com.br\/index.php?rest_route=\/wp\/v2\/posts\/14632\/revisions"}],"predecessor-version":[{"id":14634,"href":"https:\/\/diarionews.com.br\/index.php?rest_route=\/wp\/v2\/posts\/14632\/revisions\/14634"}],"wp:featuredmedia":[{"embeddable":true,"href":"https:\/\/diarionews.com.br\/index.php?rest_route=\/wp\/v2\/media\/14633"}],"wp:attachment":[{"href":"https:\/\/diarionews.com.br\/index.php?rest_route=%2Fwp%2Fv2%2Fmedia&parent=14632"}],"wp:term":[{"taxonomy":"category","embeddable":true,"href":"https:\/\/diarionews.com.br\/index.php?rest_route=%2Fwp%2Fv2%2Fcategories&post=14632"},{"taxonomy":"post_tag","embeddable":true,"href":"https:\/\/diarionews.com.br\/index.php?rest_route=%2Fwp%2Fv2%2Ftags&post=14632"}],"curies":[{"name":"wp","href":"https:\/\/api.w.org\/{rel}","templated":true}]}}