{"id":14612,"date":"2026-09-02T06:50:23","date_gmt":"2026-09-02T10:50:23","guid":{"rendered":"https:\/\/diarionews.com.br\/?p=14612"},"modified":"2026-09-02T06:50:25","modified_gmt":"2026-09-02T10:50:25","slug":"lionel-richie-segue-na-uti-e-passa-por-exames-cardiacos-nos-eua","status":"publish","type":"post","link":"https:\/\/diarionews.com.br\/?p=14612","title":{"rendered":"Lionel Richie segue na UTI e passa por exames card\u00edacos nos EUA"},"content":{"rendered":"\n<p>Lionel Richie, de 77 anos, permanece internado em uma Unidade de Terapia Intensiva (UTI) em St. Louis, no estado americano do Missouri, nesta quarta-feira, 2 de setembro de 2026. O cantor est\u00e1 sendo submetido a exames card\u00edacos depois de apresentar dificuldades durante um show realizado no \u00faltimo s\u00e1bado, 29 de agosto, no The Muny. A interna\u00e7\u00e3o foi procurada pelo pr\u00f3prio artista como medida de precau\u00e7\u00e3o, e at\u00e9 o momento n\u00e3o foi divulgado um diagn\u00f3stico definitivo.<\/p>\n\n\n\n<p>Durante a apresenta\u00e7\u00e3o, Richie demonstrou sinais de cansa\u00e7o e precisou interromper parte da movimenta\u00e7\u00e3o no palco. Na \u00faltima m\u00fasica do espet\u00e1culo, \u201cAll Night Long\u201d, ele pediu que uma cadeira fosse levada ao palco e terminou a performance sentado. Inicialmente, m\u00e9dicos investigaram a possibilidade de uma desidrata\u00e7\u00e3o leve como causa do mal-estar, mas as avalia\u00e7\u00f5es mais recentes passaram a incluir exames relacionados ao cora\u00e7\u00e3o.<\/p>\n\n\n\n<p>Segundo informa\u00e7\u00f5es divulgadas pela imprensa americana, Richie continua sob observa\u00e7\u00e3o na UTI enquanto os m\u00e9dicos realizam os exames. A expectativa mais recente \u00e9 de que ele possa deixar St. Louis nesta quarta-feira, 2 de setembro, e retornar para casa. Apesar da preocupa\u00e7\u00e3o provocada pela interna\u00e7\u00e3o, n\u00e3o h\u00e1 confirma\u00e7\u00e3o p\u00fablica de que o cantor tenha sofrido infarto, parada card\u00edaca ou qualquer outra emerg\u00eancia card\u00edaca espec\u00edfica.<\/p>\n\n\n\n<p>O epis\u00f3dio ocorre pouco mais de dois meses depois de outro problema de sa\u00fade enfrentado pelo artista durante a mesma turn\u00ea. Em 24 de junho, durante um show em St. Paul, Minnesota, Richie sentiu tontura e afirmou que estava se sentindo \u201ctonto\u201d e \u201cestranho\u201d, antes de deixar o palco. Na ocasi\u00e3o, ele precisou de atendimento m\u00e9dico e posteriormente adiou apresenta\u00e7\u00f5es que estavam previstas em Chicago e Columbus.<\/p>\n\n\n\n<p>Depois daquele epis\u00f3dio, Richie retomou a agenda de apresenta\u00e7\u00f5es e continuou participando da turn\u00ea \u201cSing a Song All Night Long\u201d, realizada em parceria com o Earth, Wind &amp; Fire. O cantor chegou a tranquilizar os f\u00e3s ap\u00f3s sua recupera\u00e7\u00e3o e voltou a realizar shows normalmente. O novo epis\u00f3dio em St. Louis, por\u00e9m, voltou a provocar preocupa\u00e7\u00e3o devido \u00e0 necessidade de novos exames m\u00e9dicos.<\/p>\n\n\n\n<p>A situa\u00e7\u00e3o tamb\u00e9m chama aten\u00e7\u00e3o porque Richie vinha mantendo uma agenda extensa de apresenta\u00e7\u00f5es aos 77 anos. A agenda oficial do cantor continua prevendo um show em San Francisco, na Calif\u00f3rnia, em 26 de setembro, al\u00e9m de apresenta\u00e7\u00f5es em Chicago, Columbus e Las Vegas durante os meses seguintes. At\u00e9 esta quarta-feira, n\u00e3o havia comunicado oficial informando o cancelamento dessas datas.<\/p>\n\n\n\n<p>No Brasil, Lionel Richie tamb\u00e9m tem apresenta\u00e7\u00e3o programada para 19 de dezembro de 2026, no Nubank Parque, em S\u00e3o Paulo. A data consta atualmente na agenda oficial do artista. N\u00e3o h\u00e1, at\u00e9 o momento, informa\u00e7\u00e3o oficial indicando altera\u00e7\u00e3o ou cancelamento do compromisso brasileiro.<\/p>\n\n\n\n<p>Richie \u00e9 um dos nomes mais conhecidos da m\u00fasica pop e soul americana. O cantor ganhou proje\u00e7\u00e3o inicialmente como integrante dos Commodores e posteriormente construiu uma carreira solo marcada por sucessos como \u201cHello\u201d, \u201cAll Night Long\u201d e \u201cSay You, Say Me\u201d. Ele tamb\u00e9m \u00e9 conhecido do p\u00fablico de televis\u00e3o por sua participa\u00e7\u00e3o como jurado do programa \u201cAmerican Idol\u201d.<\/p>\n\n\n\n<p>Apesar da perman\u00eancia na UTI e da investiga\u00e7\u00e3o de poss\u00edveis altera\u00e7\u00f5es card\u00edacas, as informa\u00e7\u00f5es dispon\u00edveis nesta quarta-feira n\u00e3o permitem afirmar que o cantor tenha uma doen\u00e7a card\u00edaca diagnosticada ou que esteja em estado grave. A informa\u00e7\u00e3o confirmada \u00e9 que ele est\u00e1 hospitalizado para avalia\u00e7\u00e3o m\u00e9dica depois do mal-estar apresentado no palco e que os m\u00e9dicos est\u00e3o realizando exames para identificar a causa do epis\u00f3dio.<\/p>\n\n\n\n<p>A expectativa agora \u00e9 pela conclus\u00e3o das avalia\u00e7\u00f5es e por uma eventual alta. Enquanto isso, a equipe de Richie ainda n\u00e3o divulgou detalhes m\u00e9dicos adicionais, e a continuidade da agenda de shows depender\u00e1 da evolu\u00e7\u00e3o do quadro e da orienta\u00e7\u00e3o dos profissionais respons\u00e1veis pelo atendimento do cantor.<\/p>\n","protected":false},"excerpt":{"rendered":"<p>Lionel Richie, de 77 anos, permanece internado em uma Unidade de Terapia Intensiva (UTI) em St. Louis, no estado americano do Missouri, nesta quarta-feira, 2 de setembro de 2026. O cantor est\u00e1 sendo submetido a exames card\u00edacos depois de apresentar dificuldades durante um show realizado no \u00faltimo s\u00e1bado, 29 de agosto, no The Muny. A [&hellip;]<\/p>\n","protected":false},"author":3,"featured_media":14613,"comment_status":"open","ping_status":"open","sticky":false,"template":"","format":"standard","meta":{"footnotes":""},"categories":[8,11],"tags":[],"class_list":["post-14612","post","type-post","status-publish","format-standard","has-post-thumbnail","hentry","category-cultura","category-mundo"],"_links":{"self":[{"href":"https:\/\/diarionews.com.br\/index.php?rest_route=\/wp\/v2\/posts\/14612","targetHints":{"allow":["GET"]}}],"collection":[{"href":"https:\/\/diarionews.com.br\/index.php?rest_route=\/wp\/v2\/posts"}],"about":[{"href":"https:\/\/diarionews.com.br\/index.php?rest_route=\/wp\/v2\/types\/post"}],"author":[{"embeddable":true,"href":"https:\/\/diarionews.com.br\/index.php?rest_route=\/wp\/v2\/users\/3"}],"replies":[{"embeddable":true,"href":"https:\/\/diarionews.com.br\/index.php?rest_route=%2Fwp%2Fv2%2Fcomments&post=14612"}],"version-history":[{"count":1,"href":"https:\/\/diarionews.com.br\/index.php?rest_route=\/wp\/v2\/posts\/14612\/revisions"}],"predecessor-version":[{"id":14614,"href":"https:\/\/diarionews.com.br\/index.php?rest_route=\/wp\/v2\/posts\/14612\/revisions\/14614"}],"wp:featuredmedia":[{"embeddable":true,"href":"https:\/\/diarionews.com.br\/index.php?rest_route=\/wp\/v2\/media\/14613"}],"wp:attachment":[{"href":"https:\/\/diarionews.com.br\/index.php?rest_route=%2Fwp%2Fv2%2Fmedia&parent=14612"}],"wp:term":[{"taxonomy":"category","embeddable":true,"href":"https:\/\/diarionews.com.br\/index.php?rest_route=%2Fwp%2Fv2%2Fcategories&post=14612"},{"taxonomy":"post_tag","embeddable":true,"href":"https:\/\/diarionews.com.br\/index.php?rest_route=%2Fwp%2Fv2%2Ftags&post=14612"}],"curies":[{"name":"wp","href":"https:\/\/api.w.org\/{rel}","templated":true}]}}