{"id":14606,"date":"2026-09-02T06:44:29","date_gmt":"2026-09-02T10:44:29","guid":{"rendered":"https:\/\/diarionews.com.br\/?p=14606"},"modified":"2026-09-02T06:44:31","modified_gmt":"2026-09-02T10:44:31","slug":"debate-ao-governo-de-mt-e-marcado-por-ataques-e-troca-de-acusacoes","status":"publish","type":"post","link":"https:\/\/diarionews.com.br\/?p=14606","title":{"rendered":"Debate ao Governo de MT \u00e9 marcado por ataques e troca de acusa\u00e7\u00f5es"},"content":{"rendered":"\n<p>O primeiro debate televisivo com os seis candidatos ao Governo de Mato Grosso foi realizado nesta ter\u00e7a-feira, 1\u00ba de setembro de 2026, pela TV Vila Real, em Cuiab\u00e1, e terminou marcado por ataques, ironias, acusa\u00e7\u00f5es e confrontos diretos. Participaram o governador e candidato \u00e0 reelei\u00e7\u00e3o Otaviano Pivetta (Republicanos), o senador Wellington Fagundes (PL), a m\u00e9dica Natasha Slhessarenko (PSD), Rafaell Millas (Miss\u00e3o), Sargento Laudic\u00e9rio (Agir) e Maur\u00edcio Coelho (Mobiliza).<\/p>\n\n\n\n<p>O encontro teve aproximadamente tr\u00eas horas de dura\u00e7\u00e3o e foi dividido em cinco blocos. Depois de uma primeira etapa com perguntas de jornalistas, os candidatos passaram a fazer questionamentos diretamente uns aos outros. Seguran\u00e7a p\u00fablica, educa\u00e7\u00e3o, sa\u00fade, viol\u00eancia contra a mulher, fome, pagamento da Revis\u00e3o Geral Anual (RGA) dos servidores, incentivos fiscais, infraestrutura, industrializa\u00e7\u00e3o, emendas parlamentares e utiliza\u00e7\u00e3o do fundo eleitoral estiveram entre os assuntos discutidos.<\/p>\n\n\n\n<p>Um dos principais confrontos ocorreu entre Otaviano Pivetta e Wellington Fagundes. O senador destacou sua atua\u00e7\u00e3o durante o governo Mauro Mendes e afirmou ter contribu\u00eddo para avan\u00e7os na educa\u00e7\u00e3o, citando inclusive sua articula\u00e7\u00e3o com o ent\u00e3o ministro da Economia, Paulo Guedes. Fagundes tamb\u00e9m levantou questionamentos sobre supostos epis\u00f3dios de corrup\u00e7\u00e3o e irregularidades, incluindo uma alega\u00e7\u00e3o relacionada a poss\u00edvel superfaturamento na aquisi\u00e7\u00e3o de livros. Pivetta rebateu as cr\u00edticas e defendeu os resultados apresentados pela atual administra\u00e7\u00e3o estadual, principalmente nas \u00e1reas de educa\u00e7\u00e3o, infraestrutura e investimentos.<\/p>\n\n\n\n<p>A discuss\u00e3o sobre o passado pol\u00edtico dos candidatos ganhou espa\u00e7o ao longo do debate. Em determinado momento, Rafaell Millas direcionou cr\u00edticas a Wellington Fagundes e utilizou o termo \u201cmelancia\u201d para se referir ao senador, em uma provoca\u00e7\u00e3o relacionada ao posicionamento pol\u00edtico atribu\u00eddo a ele. Fagundes tamb\u00e9m foi questionado por Laudic\u00e9rio sobre sua decis\u00e3o de deixar a disputa pelo Senado para concorrer ao Governo de Mato Grosso antes do encerramento do mandato.<\/p>\n\n\n\n<p>Outro epis\u00f3dio de forte repercuss\u00e3o envolveu uma acusa\u00e7\u00e3o relacionada ao ex-governador Silval Barbosa. Otaviano Pivetta mencionou a suposta inclus\u00e3o de Wellington Fagundes em uma dela\u00e7\u00e3o do ex-governador, enquanto Rafaell Millas voltou ao assunto em outras oportunidades. Fagundes reagiu e solicitou direito de resposta para negar que tenha sido citado. Durante o debate, os candidatos que fizeram a acusa\u00e7\u00e3o n\u00e3o apresentaram o trecho da colabora\u00e7\u00e3o premiada que comprovaria a afirma\u00e7\u00e3o.<\/p>\n\n\n\n<p>O confronto tamb\u00e9m passou por temas sociais. Ao ser questionada por Pivetta sobre a retirada de pessoas da linha da pobreza, Natasha Slhessarenko defendeu a atra\u00e7\u00e3o de empresas e a industrializa\u00e7\u00e3o de Mato Grosso, citando setores como couro, ouro e algod\u00e3o. A candidata afirmou ainda que aproximadamente 500 mil pessoas passam fome no Estado. Pivetta respondeu destacando investimentos realizados pelo governo estadual e os avan\u00e7os que atribuiu \u00e0 atual gest\u00e3o.<\/p>\n\n\n\n<p>A seguran\u00e7a p\u00fablica e a viol\u00eancia contra a mulher tamb\u00e9m estiveram entre os assuntos que provocaram cr\u00edticas entre os candidatos. As discuss\u00f5es colocaram em lados opostos diferentes avalia\u00e7\u00f5es sobre os resultados das pol\u00edticas p\u00fablicas estaduais e sobre a necessidade de ampliar investimentos e a\u00e7\u00f5es de preven\u00e7\u00e3o e combate \u00e0 criminalidade.<\/p>\n\n\n\n<p>O debate ainda teve um momento de emo\u00e7\u00e3o envolvendo o Sargento Laudic\u00e9rio. O candidato do Agir chorou ao falar da pr\u00f3pria m\u00e3e, que, segundo ele, foi v\u00edtima de neglig\u00eancia na \u00e1rea da sa\u00fade p\u00fablica. O epis\u00f3dio contrastou com o tom predominante do encontro, que durante boa parte das tr\u00eas horas foi marcado por confrontos e questionamentos entre os concorrentes.<\/p>\n\n\n\n<p>Ao todo, os seis candidatos tiveram espa\u00e7o para se confrontar diretamente nos blocos destinados \u00e0s perguntas entre os concorrentes. Levantamento divulgado pela Gazeta Digital apontou que Wellington Fagundes, Otaviano Pivetta e Sargento Laudic\u00e9rio foram os candidatos mais questionados, com seis perguntas recebidas cada um. Natasha Slhessarenko e Rafaell Millas responderam a cinco questionamentos, enquanto Maur\u00edcio Coelho recebeu duas perguntas.<\/p>\n\n\n\n<p>O encontro realizado pela TV Vila Real foi o primeiro debate televisivo em rede aberta a reunir todos os seis candidatos que disputam o Pal\u00e1cio Paiagu\u00e1s em 2026. A expectativa era de que os concorrentes apresentassem propostas para o Estado, mas os embates pessoais e as acusa\u00e7\u00f5es sobre trajet\u00f3rias pol\u00edticas ocuparam parte significativa do tempo dispon\u00edvel.<\/p>\n\n\n\n<p>Com pouco mais de um m\u00eas de campanha, o debate acrescentou novos elementos \u00e0 disputa pelo Governo de Mato Grosso. Pivetta tenta permanecer no cargo, enquanto Wellington Fagundes, Natasha Slhessarenko, Rafaell Millas, Sargento Laudic\u00e9rio e Maur\u00edcio Coelho buscam apresentar alternativas ao eleitorado. O pr\u00f3ximo desafio dos candidatos ser\u00e1 transformar a exposi\u00e7\u00e3o obtida nos debates em propostas capazes de conquistar o eleitor at\u00e9 a vota\u00e7\u00e3o.<\/p>\n","protected":false},"excerpt":{"rendered":"<p>O primeiro debate televisivo com os seis candidatos ao Governo de Mato Grosso foi realizado nesta ter\u00e7a-feira, 1\u00ba de setembro de 2026, pela TV Vila Real, em Cuiab\u00e1, e terminou marcado por ataques, ironias, acusa\u00e7\u00f5es e confrontos diretos. Participaram o governador e candidato \u00e0 reelei\u00e7\u00e3o Otaviano Pivetta (Republicanos), o senador Wellington Fagundes (PL), a m\u00e9dica [&hellip;]<\/p>\n","protected":false},"author":3,"featured_media":14607,"comment_status":"open","ping_status":"open","sticky":false,"template":"","format":"standard","meta":{"footnotes":""},"categories":[19],"tags":[956],"class_list":["post-14606","post","type-post","status-publish","format-standard","has-post-thumbnail","hentry","category-politica","tag-importante"],"_links":{"self":[{"href":"https:\/\/diarionews.com.br\/index.php?rest_route=\/wp\/v2\/posts\/14606","targetHints":{"allow":["GET"]}}],"collection":[{"href":"https:\/\/diarionews.com.br\/index.php?rest_route=\/wp\/v2\/posts"}],"about":[{"href":"https:\/\/diarionews.com.br\/index.php?rest_route=\/wp\/v2\/types\/post"}],"author":[{"embeddable":true,"href":"https:\/\/diarionews.com.br\/index.php?rest_route=\/wp\/v2\/users\/3"}],"replies":[{"embeddable":true,"href":"https:\/\/diarionews.com.br\/index.php?rest_route=%2Fwp%2Fv2%2Fcomments&post=14606"}],"version-history":[{"count":1,"href":"https:\/\/diarionews.com.br\/index.php?rest_route=\/wp\/v2\/posts\/14606\/revisions"}],"predecessor-version":[{"id":14608,"href":"https:\/\/diarionews.com.br\/index.php?rest_route=\/wp\/v2\/posts\/14606\/revisions\/14608"}],"wp:featuredmedia":[{"embeddable":true,"href":"https:\/\/diarionews.com.br\/index.php?rest_route=\/wp\/v2\/media\/14607"}],"wp:attachment":[{"href":"https:\/\/diarionews.com.br\/index.php?rest_route=%2Fwp%2Fv2%2Fmedia&parent=14606"}],"wp:term":[{"taxonomy":"category","embeddable":true,"href":"https:\/\/diarionews.com.br\/index.php?rest_route=%2Fwp%2Fv2%2Fcategories&post=14606"},{"taxonomy":"post_tag","embeddable":true,"href":"https:\/\/diarionews.com.br\/index.php?rest_route=%2Fwp%2Fv2%2Ftags&post=14606"}],"curies":[{"name":"wp","href":"https:\/\/api.w.org\/{rel}","templated":true}]}}