{"id":14600,"date":"2026-09-02T13:39:00","date_gmt":"2026-09-02T17:39:00","guid":{"rendered":"https:\/\/diarionews.com.br\/?p=14600"},"modified":"2026-09-02T15:49:03","modified_gmt":"2026-09-02T19:49:03","slug":"em-ano-de-el-nino-mapa-recebe-da-embrapa-163-medidas-para-gestao-de-riscos-climaticos-no-campo","status":"publish","type":"post","link":"https:\/\/diarionews.com.br\/?p=14600","title":{"rendered":"Em ano de El Ni\u00f1o, Mapa recebe da Embrapa 163 medidas para gest\u00e3o de riscos clim\u00e1ticos no campo"},"content":{"rendered":"\n<p>O Minist\u00e9rio da Agricultura e Pecu\u00e1ria (Mapa) recebeu um conjunto de 163 medidas sistematizadas pela Empresa Brasileira de Pesquisa Agropecu\u00e1ria (Embrapa) para apoiar a gest\u00e3o de riscos clim\u00e1ticos na agropecu\u00e1ria. As recomenda\u00e7\u00f5es consideram os poss\u00edveis impactos associados ao fen\u00f4meno El&nbsp;Ni\u00f1o&nbsp;na safra 2026\/2027&nbsp;e tamb\u00e9m&nbsp;prop\u00f5em a\u00e7\u00f5es permanentes de preven\u00e7\u00e3o, adapta\u00e7\u00e3o e redu\u00e7\u00e3o de riscos no campo.&nbsp;&nbsp;<\/p>\n\n\n\n<p>A\u00a0nota t\u00e9cnica\u00a0foi elaborada no \u00e2mbito do Grupo de Trabalho sobre El\u00a0Ni\u00f1o, institu\u00eddo pelo Mapa, com a participa\u00e7\u00e3o de especialistas da Embrapa e do Instituto Nacional de Meteorologia (Inmet). Cerca de 50 profissionais da Embrapa contribu\u00edram para a elabora\u00e7\u00e3o das recomenda\u00e7\u00f5es.\u00a0<\/p>\n\n\n\n<p>\u201cEmbora motivado pelo El&nbsp;Ni\u00f1o&nbsp;2026\/27, o documento adota uma perspectiva mais ampla de gest\u00e3o de riscos agroclim\u00e1ticos, reconhecendo que grande parte das amea\u00e7as, vulnerabilidades e medidas analisadas \u00e9 aplic\u00e1vel tamb\u00e9m a outros eventos e condi\u00e7\u00f5es clim\u00e1ticas recorrentes\u201d, afirma a presidente da Embrapa&nbsp;Silvia&nbsp;Massruh\u00e1.&nbsp;&nbsp;<\/p>\n\n\n\n<p>Das 163 medidas propostas, 14 s\u00e3o transversais a todo o setor agropecu\u00e1rio, 139 s\u00e3o espec\u00edficas por segmento produtivo e dez correspondem a a\u00e7\u00f5es viabilizadoras ou de apoio a programas de pol\u00edtica p\u00fablica.&nbsp;<\/p>\n\n\n\n<p>Para o coordenador do Grupo de Trabalho, Bruno Leite, a nota t\u00e9cnica contribui para dimensionar os impactos associados ao El&nbsp;Ni\u00f1o&nbsp;e re\u00fane refer\u00eancias t\u00e9cnicas que podem orientar a\u00e7\u00f5es de preven\u00e7\u00e3o e redu\u00e7\u00e3o de danos.&nbsp;<\/p>\n\n\n\n<p>\u201cN\u00f3s j\u00e1 temos um card\u00e1pio bastante grande de tecnologias que ajudam a enfrentar o El&nbsp;Ni\u00f1o&nbsp;e eventos clim\u00e1ticos adversos. O desafio agora \u00e9 fazer com que esse conhecimento chegue ao produtor rural\u201d, disse.&nbsp;<\/p>\n\n\n\n<p><strong>GRUPO DE TRABALHO APRESENTA RELAT\u00d3RIO&nbsp;&nbsp;<\/strong><\/p>\n\n\n\n<p>Na pr\u00f3xima quinta-feira (3), o Grupo de Trabalho institu\u00eddo pela\u00a0Portaria MAPA n\u00ba 928\/2026, apresenta relat\u00f3rio com propostas e estrat\u00e9gias de adapta\u00e7\u00e3o e mitiga\u00e7\u00e3o diante do fen\u00f4meno El\u00a0Ni\u00f1o.\u00a0A nota t\u00e9cnica elaborada pela Embrapa integra uma das frentes de trabalho do grupo.\u00a0\u00a0<\/p>\n\n\n\n<p>Durante o per\u00edodo de atua\u00e7\u00e3o, o GT reuniu informa\u00e7\u00f5es e contribui\u00e7\u00f5es de diferentes institui\u00e7\u00f5es, entre elas a Ag\u00eancia Nacional de \u00c1guas e Saneamento B\u00e1sico (ANA), o Instituto Nacional de Pesquisas Espaciais (Inpe), a Embrapa, o Inmet e secretarias do Mapa.&nbsp;<\/p>\n\n\n\n<p><a href=\"https:\/\/minutomt.com.br\/agro\/banco-central-registra-maior-inadimplencia-do-credito-rural-em-15-anos-e-indice-chega-a-88\/\" target=\"_blank\" rel=\"noopener\"><\/a><\/p>\n\n\n\n<p>Entre as propostas que ser\u00e3o apresentadas pelo grupo est\u00e1 a implanta\u00e7\u00e3o de um plano de comunica\u00e7\u00e3o coordenado entre as institui\u00e7\u00f5es. Paralelamente, o Mapa trabalha na elabora\u00e7\u00e3o de uma p\u00e1gina especial, v\u00eddeos informativos e outros materiais voltados \u00e0 divulga\u00e7\u00e3o de informa\u00e7\u00f5es sobre riscos clim\u00e1ticos e medidas de preven\u00e7\u00e3o e adapta\u00e7\u00e3o.&nbsp;&nbsp;<\/p>\n\n\n\n<p><strong>MEDIDAS PARA DIFERENTES CADEIAS PRODUTIVAS&nbsp;<\/strong><\/p>\n\n\n\n<p>As recomenda\u00e7\u00f5es da Embrapa est\u00e3o estruturadas a partir da identifica\u00e7\u00e3o dos principais riscos e impactos sobre culturas e cadeias produtivas e consideram diferentes formas de tratamento dos riscos, incluindo preven\u00e7\u00e3o, redu\u00e7\u00e3o de impactos, transfer\u00eancia de riscos e aceita\u00e7\u00e3o do risco remanescente.&nbsp;<\/p>\n\n\n\n<p>As 163 medidas indicam, ainda, o horizonte de implementa\u00e7\u00e3o \u2013 imediato, curto, m\u00e9dio ou longo prazo \u2013 e as condi\u00e7\u00f5es necess\u00e1rias para sua ado\u00e7\u00e3o.&nbsp;<\/p>\n\n\n\n<p>Entre as medidas transversais est\u00e3o o monitoramento de previs\u00f5es meteorol\u00f3gicas e o uso de dados meteorol\u00f3gicos locais; a utiliza\u00e7\u00e3o do Zoneamento Agr\u00edcola de Risco Clim\u00e1tico (Zarc); a diversifica\u00e7\u00e3o espacial e temporal da produ\u00e7\u00e3o; a ado\u00e7\u00e3o de sistemas de integra\u00e7\u00e3o lavoura-pecu\u00e1ria (ILP) e integra\u00e7\u00e3o lavoura-pecu\u00e1ria-floresta (ILPF); a elabora\u00e7\u00e3o de planos de conting\u00eancia&nbsp;para eventos clim\u00e1ticos adversos; a manuten\u00e7\u00e3o da infraestrutura&nbsp;da propriedade rural; a avalia\u00e7\u00e3o econ\u00f4mica&nbsp;do n\u00edvel de prote\u00e7\u00e3o para cada risco; dimensionamento da capacidade operacional; registro de eventos e impactos clim\u00e1ticos para melhor avalia\u00e7\u00e3o sobre as medidas adotadas; avalia\u00e7\u00e3o econ\u00f4mica do n\u00edvel de prote\u00e7\u00e3o para cada risco; cria\u00e7\u00e3o de reservas financeiras; utiliza\u00e7\u00e3o de seguro rural e outros mecanismos de transfer\u00eancia de risco; e capacita\u00e7\u00e3o de equipes.&nbsp;<\/p>\n\n\n\n<p>As recomenda\u00e7\u00f5es espec\u00edficas para as cadeias produtivas abrangem temas como manejo do solo, escolha de cultivares, planejamento das opera\u00e7\u00f5es, estruturas de prote\u00e7\u00e3o, drenagem e irriga\u00e7\u00e3o.&nbsp;<\/p>\n\n\n\n<p>O documento tamb\u00e9m apresenta medidas de car\u00e1ter institucional, financeiro, cient\u00edfico, tecnol\u00f3gico e de assist\u00eancia t\u00e9cnica, cuja implementa\u00e7\u00e3o depende da atua\u00e7\u00e3o de institui\u00e7\u00f5es p\u00fablicas e de pol\u00edticas voltadas \u00e0 gest\u00e3o de riscos clim\u00e1ticos. Entre elas est\u00e3o o fortalecimento e aperfei\u00e7oamento do\u00a0Zarc, a amplia\u00e7\u00e3o de mecanismos de financiamento para adapta\u00e7\u00e3o clim\u00e1tica, o aperfei\u00e7oamento de instrumentos de transfer\u00eancia de riscos, como o seguro rural, o fortalecimento da assist\u00eancia t\u00e9cnica e da pesquisa, al\u00e9m do aprimoramento dos sistemas de monitoramento\u00a0agrometeorol\u00f3gico\u00a0e da gest<\/p>\n\n\n\n<p><strong>GEST\u00c3O PERMANENTE DE RISCOS&nbsp;<\/strong><\/p>\n\n\n\n<p>O coordenador da Rede&nbsp;Zarc&nbsp;e pesquisador da Embrapa Agricultura Digital, Eduardo Monteiro, destaca que a nota t\u00e9cnica aponta para um desafio que vai al\u00e9m dos efeitos espec\u00edficos do El&nbsp;Ni\u00f1o: a consolida\u00e7\u00e3o de uma pol\u00edtica permanente de gest\u00e3o de riscos agroclim\u00e1ticos.&nbsp;<\/p>\n\n\n\n<p>\u201cO principal legado desse grupo de trabalho pode ser a transi\u00e7\u00e3o de uma l\u00f3gica predominantemente reativa de gest\u00e3o de crises para uma cultura permanente de antecipa\u00e7\u00e3o, prepara\u00e7\u00e3o, adapta\u00e7\u00e3o, monitoramento e aprendizagem\u201d, analisa Monteiro.&nbsp;<\/p>\n\n\n\n<p>Na pr\u00e1tica, a abordagem considera a necessidade de ampliar a capacidade de antecipar, monitorar e responder a diferentes eventos clim\u00e1ticos, como secas, excesso de precipita\u00e7\u00e3o, ondas de calor, geadas, tempestades e inc\u00eandios.&nbsp;<\/p>\n\n\n\n<p><strong>IMPACTOS DO EL&nbsp;NI\u00d1O&nbsp;&nbsp;<\/strong><\/p>\n\n\n\n<p>A nota t\u00e9cnica apresenta o hist\u00f3rico dos efeitos associados ao El&nbsp;Ni\u00f1o&nbsp;no Brasil e as proje\u00e7\u00f5es para 2026. As informa\u00e7\u00f5es, no entanto, n\u00e3o determinam antecipadamente os impactos sobre cada regi\u00e3o, cultura ou sistema produtivo.&nbsp;&nbsp;<\/p>\n\n\n\n<p>Entre os cen\u00e1rios considerados est\u00e1 a maior probabilidade de precipita\u00e7\u00e3o abaixo da m\u00e9dia em \u00e1reas do Centro-Norte do pa\u00eds e acima da m\u00e9dia na Regi\u00e3o Sul. O documento considera riscos como atraso ou irregularidade no in\u00edcio da esta\u00e7\u00e3o chuvosa, chuvas abaixo da m\u00e9dia e d\u00e9ficit h\u00eddrico prolongado, temperaturas elevadas, chuvas acima da m\u00e9dia e tempestades convectivas severas.&nbsp;<\/p>\n\n\n\n<p>Os impactos e as medidas de gest\u00e3o s\u00e3o detalhados para diferentes cadeias, incluindo gr\u00e3os e fibras, fruticultura, silvicultura, olericultura, pastagens e pecu\u00e1ria, culturas industriais e aquicultura.&nbsp;<\/p>\n\n\n\n<p><strong>Informa\u00e7\u00f5es \u00e0 imprensa<\/strong><br>imprensa@agro.gov.br<\/p>\n","protected":false},"excerpt":{"rendered":"<p>O Minist\u00e9rio da Agricultura e Pecu\u00e1ria (Mapa) recebeu um conjunto de 163 medidas sistematizadas pela Empresa Brasileira de Pesquisa Agropecu\u00e1ria (Embrapa) para apoiar a gest\u00e3o de riscos clim\u00e1ticos na agropecu\u00e1ria. As recomenda\u00e7\u00f5es consideram os poss\u00edveis impactos associados ao fen\u00f4meno El&nbsp;Ni\u00f1o&nbsp;na safra 2026\/2027&nbsp;e tamb\u00e9m&nbsp;prop\u00f5em a\u00e7\u00f5es permanentes de preven\u00e7\u00e3o, adapta\u00e7\u00e3o e redu\u00e7\u00e3o de riscos no campo.&nbsp;&nbsp; A\u00a0nota [&hellip;]<\/p>\n","protected":false},"author":3,"featured_media":14601,"comment_status":"open","ping_status":"open","sticky":false,"template":"","format":"standard","meta":{"footnotes":""},"categories":[22],"tags":[956],"class_list":["post-14600","post","type-post","status-publish","format-standard","has-post-thumbnail","hentry","category-meio-ambiente","tag-importante"],"_links":{"self":[{"href":"https:\/\/diarionews.com.br\/index.php?rest_route=\/wp\/v2\/posts\/14600","targetHints":{"allow":["GET"]}}],"collection":[{"href":"https:\/\/diarionews.com.br\/index.php?rest_route=\/wp\/v2\/posts"}],"about":[{"href":"https:\/\/diarionews.com.br\/index.php?rest_route=\/wp\/v2\/types\/post"}],"author":[{"embeddable":true,"href":"https:\/\/diarionews.com.br\/index.php?rest_route=\/wp\/v2\/users\/3"}],"replies":[{"embeddable":true,"href":"https:\/\/diarionews.com.br\/index.php?rest_route=%2Fwp%2Fv2%2Fcomments&post=14600"}],"version-history":[{"count":1,"href":"https:\/\/diarionews.com.br\/index.php?rest_route=\/wp\/v2\/posts\/14600\/revisions"}],"predecessor-version":[{"id":14602,"href":"https:\/\/diarionews.com.br\/index.php?rest_route=\/wp\/v2\/posts\/14600\/revisions\/14602"}],"wp:featuredmedia":[{"embeddable":true,"href":"https:\/\/diarionews.com.br\/index.php?rest_route=\/wp\/v2\/media\/14601"}],"wp:attachment":[{"href":"https:\/\/diarionews.com.br\/index.php?rest_route=%2Fwp%2Fv2%2Fmedia&parent=14600"}],"wp:term":[{"taxonomy":"category","embeddable":true,"href":"https:\/\/diarionews.com.br\/index.php?rest_route=%2Fwp%2Fv2%2Fcategories&post=14600"},{"taxonomy":"post_tag","embeddable":true,"href":"https:\/\/diarionews.com.br\/index.php?rest_route=%2Fwp%2Fv2%2Ftags&post=14600"}],"curies":[{"name":"wp","href":"https:\/\/api.w.org\/{rel}","templated":true}]}}