{"id":14597,"date":"2026-09-02T06:37:38","date_gmt":"2026-09-02T10:37:38","guid":{"rendered":"https:\/\/diarionews.com.br\/?p=14597"},"modified":"2026-09-02T06:37:41","modified_gmt":"2026-09-02T10:37:41","slug":"flaco-lopez-renova-ate-2030-apos-viver-fase-artilheira-no-palmeiras","status":"publish","type":"post","link":"https:\/\/diarionews.com.br\/?p=14597","title":{"rendered":"Flaco L\u00f3pez renova at\u00e9 2030 ap\u00f3s viver fase artilheira no Palmeiras"},"content":{"rendered":"\n<p>O Palmeiras anunciou nesta ter\u00e7a-feira, 1\u00ba de setembro de 2026, a renova\u00e7\u00e3o do contrato do atacante Flaco L\u00f3pez at\u00e9 o fim de 2030. O argentino, que tinha v\u00ednculo com o clube at\u00e9 dezembro de 2029, estendeu o compromisso por mais uma temporada e teve sua perman\u00eancia assegurada em um momento de grande destaque dentro do elenco comandado por Abel Ferreira.<\/p>\n\n\n\n<p>A renova\u00e7\u00e3o acontece justamente quando Flaco atravessa sua melhor fase desde que chegou ao Palmeiras. Em 2026, o atacante \u00e9 o artilheiro da equipe, com 21 gols em 45 partidas. Ao todo, desde sua chegada ao Verd\u00e3o, em 2022, o jogador j\u00e1 disputou 225 jogos e marcou 78 gols, n\u00fameros que o colocam entre os principais goleadores estrangeiros da hist\u00f3ria recente do clube.<\/p>\n\n\n\n<p>O desempenho recente ajudou a consolidar a decis\u00e3o da diretoria. No dia 23 de agosto, Flaco marcou duas vezes na goleada por 4 a 1 sobre o Vasco, pelo Campeonato Brasileiro, em partida disputada no Nubank Parque. Tr\u00eas dias depois, voltou a ser decisivo, desta vez contra o Santos, ao balan\u00e7ar as redes duas vezes na vit\u00f3ria por 3 a 0 pelo jogo de ida das quartas de final da Copa do Brasil.<\/p>\n\n\n\n<p>A sequ\u00eancia de gols transformou o argentino em uma das principais refer\u00eancias ofensivas do Palmeiras na temporada. Al\u00e9m da capacidade de finaliza\u00e7\u00e3o, Flaco passou a desempenhar outras fun\u00e7\u00f5es no sistema de Abel Ferreira e ganhou maior protagonismo no ataque. O bom momento fez com que o clube passasse a tratar sua perman\u00eancia como prioridade.<\/p>\n\n\n\n<p>A decis\u00e3o de renovar tamb\u00e9m ocorre ap\u00f3s uma proposta milion\u00e1ria do futebol russo. Em julho, o Spartak Moscou apresentou uma oferta de 25 milh\u00f5es de euros pelo atacante, valor que correspondia a aproximadamente R$ 145 milh\u00f5es na cota\u00e7\u00e3o daquele per\u00edodo. A proposta foi recusada pelo Palmeiras, que informou n\u00e3o ter interesse em negociar Flaco durante a temporada.<\/p>\n\n\n\n<p>A valoriza\u00e7\u00e3o do jogador ocorre depois de uma trajet\u00f3ria constru\u00edda desde 2022. Pelo Palmeiras, Flaco conquistou tr\u00eas Campeonatos Paulistas, em 2023, 2024 e 2026, al\u00e9m de dois Campeonatos Brasileiros, em 2022 e 2023, e a Supercopa do Brasil de 2023. O atacante tamb\u00e9m foi finalista da \u00faltima Copa do Mundo pela Argentina.<\/p>\n\n\n\n<p>A perman\u00eancia at\u00e9 2030 representa, portanto, uma aposta do Palmeiras na continuidade do atacante em uma fase em que ele se transformou em pe\u00e7a importante da equipe. O clube n\u00e3o apenas recusou uma proposta elevada pelo jogador como tamb\u00e9m ampliou seu v\u00ednculo, garantindo a perman\u00eancia do argentino por mais quatro temporadas ap\u00f3s o t\u00e9rmino do contrato anterior.<\/p>\n\n\n\n<p>Flaco agora chega ao m\u00eas de setembro como principal goleador do Palmeiras em 2026 e com participa\u00e7\u00e3o direta em momentos importantes da campanha. O pr\u00f3ximo desafio do atacante ser\u00e1 nesta quarta-feira, 2 de setembro, contra o Santos, na Vila Belmiro, pelo jogo de volta das quartas de final da Copa do Brasil. O Palmeiras entra em campo com vantagem de 3 a 0 constru\u00edda na primeira partida.<\/p>\n\n\n\n<p>A renova\u00e7\u00e3o at\u00e9 2030 consolida o novo status de Flaco L\u00f3pez no elenco alviverde. De jogador que chegou ao clube em 2022 para buscar espa\u00e7o no ataque, o argentino passou a ser um dos principais nomes da equipe e, aos 25 anos, ganhou um contrato mais longo justamente quando vive sua temporada mais produtiva com a camisa do Palmeiras.<\/p>\n","protected":false},"excerpt":{"rendered":"<p>O Palmeiras anunciou nesta ter\u00e7a-feira, 1\u00ba de setembro de 2026, a renova\u00e7\u00e3o do contrato do atacante Flaco L\u00f3pez at\u00e9 o fim de 2030. O argentino, que tinha v\u00ednculo com o clube at\u00e9 dezembro de 2029, estendeu o compromisso por mais uma temporada e teve sua perman\u00eancia assegurada em um momento de grande destaque dentro do [&hellip;]<\/p>\n","protected":false},"author":3,"featured_media":14598,"comment_status":"open","ping_status":"open","sticky":false,"template":"","format":"standard","meta":{"footnotes":""},"categories":[13],"tags":[],"class_list":["post-14597","post","type-post","status-publish","format-standard","has-post-thumbnail","hentry","category-esportes"],"_links":{"self":[{"href":"https:\/\/diarionews.com.br\/index.php?rest_route=\/wp\/v2\/posts\/14597","targetHints":{"allow":["GET"]}}],"collection":[{"href":"https:\/\/diarionews.com.br\/index.php?rest_route=\/wp\/v2\/posts"}],"about":[{"href":"https:\/\/diarionews.com.br\/index.php?rest_route=\/wp\/v2\/types\/post"}],"author":[{"embeddable":true,"href":"https:\/\/diarionews.com.br\/index.php?rest_route=\/wp\/v2\/users\/3"}],"replies":[{"embeddable":true,"href":"https:\/\/diarionews.com.br\/index.php?rest_route=%2Fwp%2Fv2%2Fcomments&post=14597"}],"version-history":[{"count":1,"href":"https:\/\/diarionews.com.br\/index.php?rest_route=\/wp\/v2\/posts\/14597\/revisions"}],"predecessor-version":[{"id":14599,"href":"https:\/\/diarionews.com.br\/index.php?rest_route=\/wp\/v2\/posts\/14597\/revisions\/14599"}],"wp:featuredmedia":[{"embeddable":true,"href":"https:\/\/diarionews.com.br\/index.php?rest_route=\/wp\/v2\/media\/14598"}],"wp:attachment":[{"href":"https:\/\/diarionews.com.br\/index.php?rest_route=%2Fwp%2Fv2%2Fmedia&parent=14597"}],"wp:term":[{"taxonomy":"category","embeddable":true,"href":"https:\/\/diarionews.com.br\/index.php?rest_route=%2Fwp%2Fv2%2Fcategories&post=14597"},{"taxonomy":"post_tag","embeddable":true,"href":"https:\/\/diarionews.com.br\/index.php?rest_route=%2Fwp%2Fv2%2Ftags&post=14597"}],"curies":[{"name":"wp","href":"https:\/\/api.w.org\/{rel}","templated":true}]}}