{"id":14593,"date":"2026-09-02T06:30:55","date_gmt":"2026-09-02T10:30:55","guid":{"rendered":"https:\/\/diarionews.com.br\/?p=14593"},"modified":"2026-09-02T06:30:57","modified_gmt":"2026-09-02T10:30:57","slug":"pastor-e-preso-suspeito-de-estuprar-a-propria-neta-de-8-anos-em-cuiaba","status":"publish","type":"post","link":"https:\/\/diarionews.com.br\/?p=14593","title":{"rendered":"Pastor \u00e9 preso suspeito de estuprar a pr\u00f3pria neta de 8 anos em Cuiab\u00e1"},"content":{"rendered":"\n<p>Um homem de 60 anos, l\u00edder religioso em uma igreja de Cuiab\u00e1, foi preso em flagrante pela Pol\u00edcia Civil sob a suspeita de estuprar a pr\u00f3pria neta, de 8 anos, no bairro Pedra 90, na capital do estado. O crime teria ocorrido no domingo, 30 de agosto de 2026, e o suspeito foi detido no dia seguinte (31), ao retornar \u00e0 sua resid\u00eancia.<\/p>\n\n\n\n<p>A den\u00fancia foi apresentada pela m\u00e3e da v\u00edtima. De acordo com as investiga\u00e7\u00f5es, a m\u00e3e havia deixado a filha sob os cuidados do av\u00f4 para que ambos fossem juntos \u00e0 igreja. Ao reencontrar a menina na segunda-feira, a m\u00e3e percebeu que ela apresentava dores f\u00edsicas e vis\u00edvel dificuldade para caminhar.<\/p>\n\n\n\n<p>Ao ser questionada pela m\u00e3e, a crian\u00e7a chorou e relatou ter sido violentada pelo av\u00f4. Segundo o depoimento da v\u00edtima, ap\u00f3s o abuso, o homem ordenou que ela tomasse banho e trocasse de roupa para lev\u00e1-la ao culto religioso normalmente. A menina tamb\u00e9m indicou que os abusos sexuais j\u00e1 haviam ocorrido em outras ocasi\u00f5es anteriores.<\/p>\n\n\n\n<h3 class=\"wp-block-heading\">Enquadramento Penal e Prote\u00e7\u00e3o de Vulner\u00e1veis<\/h3>\n\n\n\n<p>O suspeito foi autuado em flagrante pelo crime de estupro de vulner\u00e1vel pelo Plant\u00e3o de Atendimento a V\u00edtimas de Viol\u00eancia Dom\u00e9stica e Sexual. A Pol\u00edcia Civil representou pela convers\u00e3o da pris\u00e3o em flagrante para pris\u00e3o preventiva e solicitou a concess\u00e3o de medidas protetivas de urg\u00eancia com base na Lei Henry Borel (Lei n\u00ba 14.344\/2022).<\/p>\n\n\n\n<p>A aplica\u00e7\u00e3o da Lei Henry Borel reflete o endurecimento recente no combate \u00e0 viol\u00eancia dom\u00e9stica infantil em Mato Grosso, visando garantir prote\u00e7\u00e3o imediata e puni\u00e7\u00e3o rigorosa a agress\u00f5es cometidas por familiares pr\u00f3ximos no ambiente dom\u00e9stico.<\/p>\n\n\n\n<p>Esta a\u00e7\u00e3o r\u00e1pida integra uma s\u00e9rie de dilig\u00eancias realizadas pelas for\u00e7as de seguran\u00e7a de Mato Grosso nos \u00faltimos 90 dias, focadas na apura\u00e7\u00e3o e combate sistem\u00e1tico de den\u00fancias de abuso intrafamiliar no estado.<\/p>\n\n\n\n<hr class=\"wp-block-separator has-alpha-channel-opacity\"\/>\n\n\n\n<p><strong>Fonte:<\/strong>\u00a0Texto produzido com informa\u00e7\u00f5es do portal\u00a0<strong>CliqueF5 <\/strong><\/p>\n","protected":false},"excerpt":{"rendered":"<p>Um homem de 60 anos, l\u00edder religioso em uma igreja de Cuiab\u00e1, foi preso em flagrante pela Pol\u00edcia Civil sob a suspeita de estuprar a pr\u00f3pria neta, de 8 anos, no bairro Pedra 90, na capital do estado. O crime teria ocorrido no domingo, 30 de agosto de 2026, e o suspeito foi detido no [&hellip;]<\/p>\n","protected":false},"author":3,"featured_media":9162,"comment_status":"open","ping_status":"open","sticky":false,"template":"","format":"standard","meta":{"footnotes":""},"categories":[14,18],"tags":[956],"class_list":["post-14593","post","type-post","status-publish","format-standard","has-post-thumbnail","hentry","category-policia","category-estaduais","tag-importante"],"_links":{"self":[{"href":"https:\/\/diarionews.com.br\/index.php?rest_route=\/wp\/v2\/posts\/14593","targetHints":{"allow":["GET"]}}],"collection":[{"href":"https:\/\/diarionews.com.br\/index.php?rest_route=\/wp\/v2\/posts"}],"about":[{"href":"https:\/\/diarionews.com.br\/index.php?rest_route=\/wp\/v2\/types\/post"}],"author":[{"embeddable":true,"href":"https:\/\/diarionews.com.br\/index.php?rest_route=\/wp\/v2\/users\/3"}],"replies":[{"embeddable":true,"href":"https:\/\/diarionews.com.br\/index.php?rest_route=%2Fwp%2Fv2%2Fcomments&post=14593"}],"version-history":[{"count":1,"href":"https:\/\/diarionews.com.br\/index.php?rest_route=\/wp\/v2\/posts\/14593\/revisions"}],"predecessor-version":[{"id":14594,"href":"https:\/\/diarionews.com.br\/index.php?rest_route=\/wp\/v2\/posts\/14593\/revisions\/14594"}],"wp:featuredmedia":[{"embeddable":true,"href":"https:\/\/diarionews.com.br\/index.php?rest_route=\/wp\/v2\/media\/9162"}],"wp:attachment":[{"href":"https:\/\/diarionews.com.br\/index.php?rest_route=%2Fwp%2Fv2%2Fmedia&parent=14593"}],"wp:term":[{"taxonomy":"category","embeddable":true,"href":"https:\/\/diarionews.com.br\/index.php?rest_route=%2Fwp%2Fv2%2Fcategories&post=14593"},{"taxonomy":"post_tag","embeddable":true,"href":"https:\/\/diarionews.com.br\/index.php?rest_route=%2Fwp%2Fv2%2Ftags&post=14593"}],"curies":[{"name":"wp","href":"https:\/\/api.w.org\/{rel}","templated":true}]}}