{"id":14591,"date":"2026-09-02T06:22:35","date_gmt":"2026-09-02T10:22:35","guid":{"rendered":"https:\/\/diarionews.com.br\/?p=14591"},"modified":"2026-09-02T06:22:37","modified_gmt":"2026-09-02T10:22:37","slug":"ue-mantem-suspensao-de-carnes-brasileiras-a-partir-desta-quinta-feira","status":"publish","type":"post","link":"https:\/\/diarionews.com.br\/?p=14591","title":{"rendered":"UE mant\u00e9m suspens\u00e3o de carnes brasileiras a partir desta quinta-feira"},"content":{"rendered":"\n<p>A Uni\u00e3o Europeia manter\u00e1, a partir desta quinta-feira, 3 de setembro de 2026, a suspens\u00e3o das importa\u00e7\u00f5es de carnes e outros produtos de origem animal provenientes do Brasil. A medida, que j\u00e1 havia sido anunciada pelo bloco em maio, foi confirmada novamente nesta ter\u00e7a-feira, 1\u00ba de setembro, diante da falta de garantias consideradas suficientes pelas autoridades europeias sobre o cumprimento das regras relacionadas ao uso de subst\u00e2ncias antimicrobianas na produ\u00e7\u00e3o animal.<\/p>\n\n\n\n<p>A restri\u00e7\u00e3o atinge principalmente as exporta\u00e7\u00f5es brasileiras de carne bovina e de aves, al\u00e9m de outros produtos de origem animal destinados ao consumo humano, como ovos, mel e pescado. A Uni\u00e3o Europeia retirou o Brasil da lista de pa\u00edses considerados aptos a comprovar o cumprimento das exig\u00eancias sanit\u00e1rias do bloco. A decis\u00e3o ocorre apesar das negocia\u00e7\u00f5es mantidas nas \u00faltimas semanas entre representantes brasileiros e europeus para tentar evitar a suspens\u00e3o.<\/p>\n\n\n\n<p>Segundo a Comiss\u00e3o Europeia, as regras do bloco pro\u00edbem a utiliza\u00e7\u00e3o de antimicrobianos como promotores de crescimento e tamb\u00e9m impedem o uso em animais de determinadas subst\u00e2ncias destinadas ao tratamento de seres humanos. A preocupa\u00e7\u00e3o est\u00e1 relacionada principalmente ao avan\u00e7o da resist\u00eancia antimicrobiana, fen\u00f4meno que pode reduzir a efic\u00e1cia de medicamentos utilizados no tratamento de infec\u00e7\u00f5es.<\/p>\n\n\n\n<p>Durante uma coletiva de imprensa realizada em Bruxelas em 1\u00ba de setembro, a Comiss\u00e3o Europeia confirmou que o bloqueio come\u00e7ar\u00e1 a valer nesta quinta-feira. A representante da institui\u00e7\u00e3o, Eva Hrncirova, afirmou que a medida n\u00e3o \u00e9 uma surpresa e explicou que os pa\u00edses que exportam produtos de origem animal para o bloco precisam apresentar garantias de cumprimento das normas europeias. Segundo ela, o Brasil atualmente n\u00e3o est\u00e1 na lista de pa\u00edses que forneceram essas garantias consideradas suficientes.<\/p>\n\n\n\n<p>Ao mesmo tempo, a Comiss\u00e3o Europeia informou que uma auditoria est\u00e1 sendo realizada no Brasil. O trabalho envolve principalmente os setores de aves e mel e deveria ser conclu\u00eddo at\u00e9 o fim desta semana. Mesmo depois da conclus\u00e3o da auditoria, os t\u00e9cnicos europeus ainda precisar\u00e3o analisar os resultados e elaborar suas conclus\u00f5es. Para a carne bovina, a Comiss\u00e3o informou que o processo est\u00e1 em est\u00e1gio diferente e que ainda n\u00e3o recebeu as garantias necess\u00e1rias para a retomada das exporta\u00e7\u00f5es.<\/p>\n\n\n\n<p>O governo brasileiro tenta reverter a decis\u00e3o e mant\u00e9m negocia\u00e7\u00f5es t\u00e9cnicas com as autoridades europeias. O Minist\u00e9rio da Agricultura e Pecu\u00e1ria afirma que o Brasil n\u00e3o solicitou qualquer flexibiliza\u00e7\u00e3o das normas sanit\u00e1rias da Uni\u00e3o Europeia e que seu compromisso \u00e9 atender integralmente aos requisitos estabelecidos pelos mercados compradores. O governo tamb\u00e9m ressalta que o pa\u00eds exporta produtos de origem animal para mais de 150 pa\u00edses e considera seu sistema oficial de defesa agropecu\u00e1ria reconhecido internacionalmente.<\/p>\n\n\n\n<p>A decis\u00e3o europeia j\u00e1 estava prevista desde 2024, quando o bloco estabeleceu o prazo de 3 de setembro de 2026 para que os pa\u00edses exportadores demonstrassem conformidade com as novas exig\u00eancias relacionadas aos antimicrobianos. Em abril deste ano, o governo brasileiro publicou duas portarias para adequar as regras nacionais \u00e0s exig\u00eancias europeias, uma delas sobre antimicrobianos reservados \u00e0 medicina humana e outra sobre a proibi\u00e7\u00e3o do uso dessas subst\u00e2ncias como promotores de crescimento.<\/p>\n\n\n\n<p>A Uni\u00e3o Europeia afirma que a suspens\u00e3o poder\u00e1 ser revista. Durante a coletiva desta ter\u00e7a-feira, a Comiss\u00e3o destacou que a lista de pa\u00edses autorizados n\u00e3o \u00e9 definitiva e pode ser atualizada \u00e0 medida que os governos apresentem as garantias exigidas. A autoridade europeia tamb\u00e9m afirmou que continua em contato com o Brasil e declarou confiar no empenho das autoridades brasileiras para solucionar a quest\u00e3o e permitir a retomada das importa\u00e7\u00f5es o mais rapidamente poss\u00edvel.<\/p>\n\n\n\n<p>A suspens\u00e3o representa uma nova barreira para o setor brasileiro de prote\u00ednas animais, um dos principais segmentos do agroneg\u00f3cio nacional. Em junho, a estimativa divulgada pela imprensa apontava que a medida poderia representar impacto de quase US$ 2 bilh\u00f5es por ano nas exporta\u00e7\u00f5es brasileiras. O alcance efetivo, por\u00e9m, depender\u00e1 da dura\u00e7\u00e3o do bloqueio e da capacidade do Brasil de cumprir as exig\u00eancias e retornar \u00e0 lista de pa\u00edses autorizados.<\/p>\n\n\n\n<p>Por enquanto, portanto, a suspens\u00e3o est\u00e1 mantida e entra efetivamente em vigor nesta quinta-feira, 3 de setembro. As negocia\u00e7\u00f5es entre Brasil e Uni\u00e3o Europeia continuam, assim como a auditoria realizada pelos t\u00e9cnicos europeus no pa\u00eds. A eventual retomada das exporta\u00e7\u00f5es depender\u00e1 da avalia\u00e7\u00e3o europeia sobre as garantias apresentadas pelo Brasil e dos procedimentos t\u00e9cnicos necess\u00e1rios para que o pa\u00eds volte \u00e0 lista de fornecedores autorizados.<\/p>\n","protected":false},"excerpt":{"rendered":"<p>A Uni\u00e3o Europeia manter\u00e1, a partir desta quinta-feira, 3 de setembro de 2026, a suspens\u00e3o das importa\u00e7\u00f5es de carnes e outros produtos de origem animal provenientes do Brasil. A medida, que j\u00e1 havia sido anunciada pelo bloco em maio, foi confirmada novamente nesta ter\u00e7a-feira, 1\u00ba de setembro, diante da falta de garantias consideradas suficientes pelas [&hellip;]<\/p>\n","protected":false},"author":3,"featured_media":10396,"comment_status":"open","ping_status":"open","sticky":false,"template":"","format":"standard","meta":{"footnotes":""},"categories":[15],"tags":[],"class_list":["post-14591","post","type-post","status-publish","format-standard","has-post-thumbnail","hentry","category-agropecuaria"],"_links":{"self":[{"href":"https:\/\/diarionews.com.br\/index.php?rest_route=\/wp\/v2\/posts\/14591","targetHints":{"allow":["GET"]}}],"collection":[{"href":"https:\/\/diarionews.com.br\/index.php?rest_route=\/wp\/v2\/posts"}],"about":[{"href":"https:\/\/diarionews.com.br\/index.php?rest_route=\/wp\/v2\/types\/post"}],"author":[{"embeddable":true,"href":"https:\/\/diarionews.com.br\/index.php?rest_route=\/wp\/v2\/users\/3"}],"replies":[{"embeddable":true,"href":"https:\/\/diarionews.com.br\/index.php?rest_route=%2Fwp%2Fv2%2Fcomments&post=14591"}],"version-history":[{"count":1,"href":"https:\/\/diarionews.com.br\/index.php?rest_route=\/wp\/v2\/posts\/14591\/revisions"}],"predecessor-version":[{"id":14592,"href":"https:\/\/diarionews.com.br\/index.php?rest_route=\/wp\/v2\/posts\/14591\/revisions\/14592"}],"wp:featuredmedia":[{"embeddable":true,"href":"https:\/\/diarionews.com.br\/index.php?rest_route=\/wp\/v2\/media\/10396"}],"wp:attachment":[{"href":"https:\/\/diarionews.com.br\/index.php?rest_route=%2Fwp%2Fv2%2Fmedia&parent=14591"}],"wp:term":[{"taxonomy":"category","embeddable":true,"href":"https:\/\/diarionews.com.br\/index.php?rest_route=%2Fwp%2Fv2%2Fcategories&post=14591"},{"taxonomy":"post_tag","embeddable":true,"href":"https:\/\/diarionews.com.br\/index.php?rest_route=%2Fwp%2Fv2%2Ftags&post=14591"}],"curies":[{"name":"wp","href":"https:\/\/api.w.org\/{rel}","templated":true}]}}