{"id":14588,"date":"2026-09-02T12:19:00","date_gmt":"2026-09-02T16:19:00","guid":{"rendered":"https:\/\/diarionews.com.br\/?p=14588"},"modified":"2026-09-02T06:21:20","modified_gmt":"2026-09-02T10:21:20","slug":"ora-ora-compradores-acusam-marcal-de-calote-em-empreendimento-de-caldas-novas","status":"publish","type":"post","link":"https:\/\/diarionews.com.br\/?p=14588","title":{"rendered":"Ora, ora! Compradores acusam Mar\u00e7al de calote em empreendimento de Caldas Novas"},"content":{"rendered":"\n<p>Treze compradores de terrenos em Caldas Novas, no interior de Goi\u00e1s, acionaram na Justi\u00e7a o empres\u00e1rio e candidato \u00e0 Presid\u00eancia da Rep\u00fablica Pablo Mar\u00e7al, al\u00e9m da empresa respons\u00e1vel pelo loteamento e do condom\u00ednio, sob alega\u00e7\u00e3o de que estruturas prometidas no empreendimento Noova Vista n\u00e3o foram conclu\u00eddas. O caso deu origem a uma disputa judicial que se arrasta h\u00e1 cerca de um ano e meio em uma das varas c\u00edveis do munic\u00edpio.<\/p>\n\n\n\n<p>Lan\u00e7ado em 2021 pela Lago de Cristal Empreendimentos Imobili\u00e1rios, o projeto oferecia lotes de 360 metros quadrados com pre\u00e7os a partir de R$ 100 mil. Entre os compradores que ingressaram com a a\u00e7\u00e3o, h\u00e1 pessoas que afirmam ter desembolsado at\u00e9 R$ 169,2 mil pelos terrenos. Al\u00e9m da aquisi\u00e7\u00e3o dos lotes, os contratos previam a implanta\u00e7\u00e3o de infraestrutura e diversas \u00e1reas de uso coletivo.<\/p>\n\n\n\n<p>Segundo os compradores, o empreendimento deveria contar com asfalto, meio-fio, ilumina\u00e7\u00e3o p\u00fablica e estrutura para fornecimento de energia el\u00e9trica e \u00e1gua. Tamb\u00e9m estavam previstas \u00e1reas como cal\u00e7ad\u00e3o com acesso ao lago, centro de lazer, horta e pomar comunit\u00e1rios, parque para trilhas e bicicleta, trilha de jogger, mirante e duas pra\u00e7as. Os autores afirmam que parte dessas estruturas b\u00e1sicas e benfeitorias n\u00e3o foi entregue conforme havia sido apresentado na comercializa\u00e7\u00e3o.<\/p>\n\n\n\n<p>Na a\u00e7\u00e3o judicial, os compradores tamb\u00e9m questionam a atua\u00e7\u00e3o de Pablo Mar\u00e7al na divulga\u00e7\u00e3o do empreendimento. Segundo eles, o empres\u00e1rio teria se apresentado como um dos s\u00f3cios investidores do projeto e utilizado sua notoriedade para transmitir seguran\u00e7a aos interessados na compra dos terrenos. Os autores sustentam que essa exposi\u00e7\u00e3o teria contribu\u00eddo para que os consumidores acreditassem na solidez financeira e na confiabilidade do empreendimento.<\/p>\n\n\n\n<p>Apesar da alega\u00e7\u00e3o dos compradores, documentos societ\u00e1rios citados na reportagem indicam que Mar\u00e7al n\u00e3o aparece formalmente como s\u00f3cio da empresa respons\u00e1vel pelo empreendimento. Ao mesmo tempo, existem publica\u00e7\u00f5es em redes sociais que mostram o empres\u00e1rio participando do lan\u00e7amento do Noova Vista, realizado em 2021, al\u00e9m de imagens em que aparece divulgando o loteamento, conversando com outros integrantes do projeto e acompanhando o andamento das obras.<\/p>\n\n\n\n<p>O caso, portanto, envolve uma diferen\u00e7a entre a participa\u00e7\u00e3o p\u00fablica atribu\u00edda a Mar\u00e7al pelos compradores e sua condi\u00e7\u00e3o formal no quadro societ\u00e1rio da empresa. A discuss\u00e3o dever\u00e1 ser analisada pela Justi\u00e7a dentro do processo, que busca determinar as responsabilidades de cada uma das partes envolvidas na comercializa\u00e7\u00e3o e execu\u00e7\u00e3o do empreendimento.<\/p>\n\n\n\n<p>A acusa\u00e7\u00e3o de \u201ccalote\u201d, portanto, \u00e9 feita pelos compradores e n\u00e3o representa, at\u00e9 o momento, uma conclus\u00e3o judicial definitiva sobre a responsabilidade de Pablo Mar\u00e7al. O processo ainda est\u00e1 em andamento e as alega\u00e7\u00f5es apresentadas pelos autores ter\u00e3o de ser analisadas juntamente com as manifesta\u00e7\u00f5es dos demais envolvidos e as provas reunidas nos autos.<\/p>\n\n\n\n<p>O epis\u00f3dio ganha repercuss\u00e3o adicional porque ocorre em meio \u00e0 prepara\u00e7\u00e3o de Mar\u00e7al para a disputa eleitoral de 2026. O empres\u00e1rio, que se apresenta como candidato \u00e0 Presid\u00eancia da Rep\u00fablica, volta a ser alvo de questionamentos relacionados \u00e0 sua atua\u00e7\u00e3o empresarial, desta vez em uma a\u00e7\u00e3o movida por consumidores que afirmam ter adquirido terrenos no empreendimento Noova Vista.<\/p>\n\n\n\n<p>Enquanto a disputa judicial continua, os compradores buscam responsabilizar Mar\u00e7al, o loteamento e o condom\u00ednio pelas obriga\u00e7\u00f5es que afirmam n\u00e3o terem sido cumpridas. A Justi\u00e7a ainda dever\u00e1 avaliar os documentos, contratos e demais elementos apresentados no processo antes de estabelecer eventuais responsabilidades. At\u00e9 l\u00e1, as acusa\u00e7\u00f5es permanecem como alega\u00e7\u00f5es dos autores da a\u00e7\u00e3o.<\/p>\n","protected":false},"excerpt":{"rendered":"<p>Treze compradores de terrenos em Caldas Novas, no interior de Goi\u00e1s, acionaram na Justi\u00e7a o empres\u00e1rio e candidato \u00e0 Presid\u00eancia da Rep\u00fablica Pablo Mar\u00e7al, al\u00e9m da empresa respons\u00e1vel pelo loteamento e do condom\u00ednio, sob alega\u00e7\u00e3o de que estruturas prometidas no empreendimento Noova Vista n\u00e3o foram conclu\u00eddas. O caso deu origem a uma disputa judicial que [&hellip;]<\/p>\n","protected":false},"author":3,"featured_media":14589,"comment_status":"open","ping_status":"open","sticky":false,"template":"","format":"standard","meta":{"footnotes":""},"categories":[12],"tags":[956],"class_list":["post-14588","post","type-post","status-publish","format-standard","has-post-thumbnail","hentry","category-nacionais","tag-importante"],"_links":{"self":[{"href":"https:\/\/diarionews.com.br\/index.php?rest_route=\/wp\/v2\/posts\/14588","targetHints":{"allow":["GET"]}}],"collection":[{"href":"https:\/\/diarionews.com.br\/index.php?rest_route=\/wp\/v2\/posts"}],"about":[{"href":"https:\/\/diarionews.com.br\/index.php?rest_route=\/wp\/v2\/types\/post"}],"author":[{"embeddable":true,"href":"https:\/\/diarionews.com.br\/index.php?rest_route=\/wp\/v2\/users\/3"}],"replies":[{"embeddable":true,"href":"https:\/\/diarionews.com.br\/index.php?rest_route=%2Fwp%2Fv2%2Fcomments&post=14588"}],"version-history":[{"count":1,"href":"https:\/\/diarionews.com.br\/index.php?rest_route=\/wp\/v2\/posts\/14588\/revisions"}],"predecessor-version":[{"id":14590,"href":"https:\/\/diarionews.com.br\/index.php?rest_route=\/wp\/v2\/posts\/14588\/revisions\/14590"}],"wp:featuredmedia":[{"embeddable":true,"href":"https:\/\/diarionews.com.br\/index.php?rest_route=\/wp\/v2\/media\/14589"}],"wp:attachment":[{"href":"https:\/\/diarionews.com.br\/index.php?rest_route=%2Fwp%2Fv2%2Fmedia&parent=14588"}],"wp:term":[{"taxonomy":"category","embeddable":true,"href":"https:\/\/diarionews.com.br\/index.php?rest_route=%2Fwp%2Fv2%2Fcategories&post=14588"},{"taxonomy":"post_tag","embeddable":true,"href":"https:\/\/diarionews.com.br\/index.php?rest_route=%2Fwp%2Fv2%2Ftags&post=14588"}],"curies":[{"name":"wp","href":"https:\/\/api.w.org\/{rel}","templated":true}]}}