{"id":14582,"date":"2026-09-02T09:16:00","date_gmt":"2026-09-02T13:16:00","guid":{"rendered":"https:\/\/diarionews.com.br\/?p=14582"},"modified":"2026-09-02T06:17:28","modified_gmt":"2026-09-02T10:17:28","slug":"augusto-cury-chega-a-11-e-surpreende-na-corrida-presidencial","status":"publish","type":"post","link":"https:\/\/diarionews.com.br\/?p=14582","title":{"rendered":"Augusto Cury chega a 11% e surpreende na corrida presidencial"},"content":{"rendered":"\n<p>Augusto Cury, candidato do Avante \u00e0 Presid\u00eancia da Rep\u00fablica, alcan\u00e7ou 11% das inten\u00e7\u00f5es de voto na pesquisa BTG\/Nexus divulgada em 31 de agosto de 2026 e passou a ocupar a terceira posi\u00e7\u00e3o na disputa pelo Pal\u00e1cio do Planalto. O resultado representa um salto de nove pontos percentuais em rela\u00e7\u00e3o \u00e0 rodada anterior, quando o escritor aparecia com 2%. O desempenho fez Cury superar todos os demais candidatos identificados com a chamada terceira via.<\/p>\n\n\n\n<p>No cen\u00e1rio principal do levantamento, o presidente Luiz In\u00e1cio Lula da Silva aparece com 39% das inten\u00e7\u00f5es de voto, seguido pelo senador Fl\u00e1vio Bolsonaro, com 33%. Cury vem na sequ\u00eancia, com 11%, enquanto Ronaldo Caiado registra 5%, Renan Santos tem 3% e os demais nomes aparecem com percentuais inferiores a 2%. A pesquisa ouviu 2.005 eleitores por telefone entre os dias 28 e 30 de agosto e foi registrada no Tribunal Superior Eleitoral sob o n\u00famero BR-08900\/2026, com margem de erro de dois pontos percentuais.<\/p>\n\n\n\n<p>O crescimento chamou a aten\u00e7\u00e3o dentro e fora da campanha eleitoral. Marcelo Tokarski, CEO da Nexus, afirmou que Cury se tornou o primeiro candidato da terceira via, durante o per\u00edodo de pr\u00e9-campanha e as primeiras semanas da campanha oficial, a romper a barreira dos dois d\u00edgitos. \u201cO Augusto Cury \u00e9 o primeiro candidato da terceira via, em quase seis meses de pr\u00e9-campanha e duas semanas de campanha oficial, a romper a barreira dos dois d\u00edgitos\u201d, afirmou Tokarski em entrevista \u00e0 CNN.<\/p>\n\n\n\n<p>O avan\u00e7o de Cury tamb\u00e9m alterou a distribui\u00e7\u00e3o dos votos entre os principais candidatos. Lula caiu de 41% para 39% na compara\u00e7\u00e3o com a pesquisa anterior, enquanto Fl\u00e1vio Bolsonaro recuou de 37% para 33%. Cury, por sua vez, passou de 2% para 11%. O movimento fez com que o candidato do Avante se tornasse um novo fator de aten\u00e7\u00e3o para as campanhas que lideram a corrida presidencial.<\/p>\n\n\n\n<p>A ascens\u00e3o ocorreu depois de Cury ganhar maior exposi\u00e7\u00e3o p\u00fablica, especialmente ap\u00f3s sua participa\u00e7\u00e3o no debate presidencial da Band, em 23 de agosto, al\u00e9m de apari\u00e7\u00f5es em programas de televis\u00e3o. O candidato tamb\u00e9m registrou forte crescimento nas redes sociais durante o per\u00edodo. Segundo levantamento citado pelo UOL, sua base no Instagram aumentou em cerca de 2,5 milh\u00f5es de seguidores em uma semana, enquanto o engajamento tamb\u00e9m apresentou forte eleva\u00e7\u00e3o.<\/p>\n\n\n\n<p>Apesar da repercuss\u00e3o, os n\u00fameros ainda precisam ser acompanhados por novos levantamentos para verificar se o crescimento representa uma tend\u00eancia consolidada ou um movimento pontual. A pesquisa BTG\/Nexus n\u00e3o \u00e9 a \u00fanica a registrar avan\u00e7o de Cury. Na AtlasIntel, divulgada no fim de agosto, ele chegou a 7,8%, enquanto a RealTime Big Data tamb\u00e9m apontou 11%. As diferen\u00e7as de metodologia entre os institutos, por\u00e9m, exigem cautela na compara\u00e7\u00e3o direta dos resultados.<\/p>\n\n\n\n<p>O desempenho tamb\u00e9m n\u00e3o significa, neste momento, que Cury esteja colocado em uma disputa direta pelo segundo turno. Nas simula\u00e7\u00f5es de segundo turno divulgadas pela BTG\/Nexus, ele n\u00e3o aparece entre os cen\u00e1rios testados. O levantamento mostra Lula e Fl\u00e1vio Bolsonaro tecnicamente empatados, com 46% e 45%, respectivamente, enquanto outros advers\u00e1rios tamb\u00e9m s\u00e3o avaliados em confrontos contra o atual presidente.<\/p>\n\n\n\n<p>Para Marcelo Tokarski, o resultado de Cury representa uma novidade na elei\u00e7\u00e3o de 2026, mas a capacidade de manter o patamar alcan\u00e7ado ser\u00e1 decisiva. O pr\u00f3prio CEO da Nexus resumiu a cautela ao avaliar a possibilidade de continuidade do fen\u00f4meno: \u201cSe vai manter, s\u00e3o outros 500\u201d. A declara\u00e7\u00e3o refor\u00e7a que o principal desafio do candidato agora \u00e9 transformar o crescimento registrado nas pesquisas em uma tend\u00eancia sustentada at\u00e9 a elei\u00e7\u00e3o.<\/p>\n\n\n\n<p>Com 11% na pesquisa mais recente, Augusto Cury deixa de ser apenas um nome secund\u00e1rio entre os candidatos<\/p>\n","protected":false},"excerpt":{"rendered":"<p>Augusto Cury, candidato do Avante \u00e0 Presid\u00eancia da Rep\u00fablica, alcan\u00e7ou 11% das inten\u00e7\u00f5es de voto na pesquisa BTG\/Nexus divulgada em 31 de agosto de 2026 e passou a ocupar a terceira posi\u00e7\u00e3o na disputa pelo Pal\u00e1cio do Planalto. O resultado representa um salto de nove pontos percentuais em rela\u00e7\u00e3o \u00e0 rodada anterior, quando o escritor [&hellip;]<\/p>\n","protected":false},"author":3,"featured_media":14583,"comment_status":"open","ping_status":"open","sticky":false,"template":"","format":"standard","meta":{"footnotes":""},"categories":[19],"tags":[956],"class_list":["post-14582","post","type-post","status-publish","format-standard","has-post-thumbnail","hentry","category-politica","tag-importante"],"_links":{"self":[{"href":"https:\/\/diarionews.com.br\/index.php?rest_route=\/wp\/v2\/posts\/14582","targetHints":{"allow":["GET"]}}],"collection":[{"href":"https:\/\/diarionews.com.br\/index.php?rest_route=\/wp\/v2\/posts"}],"about":[{"href":"https:\/\/diarionews.com.br\/index.php?rest_route=\/wp\/v2\/types\/post"}],"author":[{"embeddable":true,"href":"https:\/\/diarionews.com.br\/index.php?rest_route=\/wp\/v2\/users\/3"}],"replies":[{"embeddable":true,"href":"https:\/\/diarionews.com.br\/index.php?rest_route=%2Fwp%2Fv2%2Fcomments&post=14582"}],"version-history":[{"count":1,"href":"https:\/\/diarionews.com.br\/index.php?rest_route=\/wp\/v2\/posts\/14582\/revisions"}],"predecessor-version":[{"id":14584,"href":"https:\/\/diarionews.com.br\/index.php?rest_route=\/wp\/v2\/posts\/14582\/revisions\/14584"}],"wp:featuredmedia":[{"embeddable":true,"href":"https:\/\/diarionews.com.br\/index.php?rest_route=\/wp\/v2\/media\/14583"}],"wp:attachment":[{"href":"https:\/\/diarionews.com.br\/index.php?rest_route=%2Fwp%2Fv2%2Fmedia&parent=14582"}],"wp:term":[{"taxonomy":"category","embeddable":true,"href":"https:\/\/diarionews.com.br\/index.php?rest_route=%2Fwp%2Fv2%2Fcategories&post=14582"},{"taxonomy":"post_tag","embeddable":true,"href":"https:\/\/diarionews.com.br\/index.php?rest_route=%2Fwp%2Fv2%2Ftags&post=14582"}],"curies":[{"name":"wp","href":"https:\/\/api.w.org\/{rel}","templated":true}]}}