{"id":14578,"date":"2026-09-02T06:10:59","date_gmt":"2026-09-02T10:10:59","guid":{"rendered":"https:\/\/diarionews.com.br\/?p=14578"},"modified":"2026-09-02T06:11:02","modified_gmt":"2026-09-02T10:11:02","slug":"gonet-pede-anulacao-de-relatorio-da-pf-sobre-vorcaro-e-moraes","status":"publish","type":"post","link":"https:\/\/diarionews.com.br\/?p=14578","title":{"rendered":"Gonet pede anula\u00e7\u00e3o de relat\u00f3rio da PF sobre Vorcaro e Moraes"},"content":{"rendered":"\n<p>O procurador-geral da Rep\u00fablica, Paulo Gonet, pediu nesta ter\u00e7a-feira, 1\u00ba de setembro de 2026, ao Supremo Tribunal Federal (STF), a anula\u00e7\u00e3o do relat\u00f3rio da Pol\u00edcia Federal que re\u00fane mensagens e outros elementos relacionados \u00e0 rela\u00e7\u00e3o entre o ex-controlador do Banco Master, Daniel Vorcaro, e o ministro Alexandre de Moraes. A manifesta\u00e7\u00e3o foi encaminhada ao ministro Andr\u00e9 Mendon\u00e7a, relator das investiga\u00e7\u00f5es sobre o caso Master, e questiona a forma como a apura\u00e7\u00e3o foi determinada.<\/p>\n\n\n\n<p>Gonet sustenta que Mendon\u00e7a ultrapassou os limites de sua atua\u00e7\u00e3o ao determinar que a Pol\u00edcia Federal aprofundasse, por iniciativa pr\u00f3pria, a investiga\u00e7\u00e3o sobre refer\u00eancias a Moraes encontradas no material apreendido com Vorcaro. Na avalia\u00e7\u00e3o do procurador-geral, uma eventual investiga\u00e7\u00e3o envolvendo outro ministro do Supremo n\u00e3o poderia ser conduzida diretamente pelo relator sem uma solicita\u00e7\u00e3o do Minist\u00e9rio P\u00fablico ou da pr\u00f3pria autoridade policial.<\/p>\n\n\n\n<p>\u201cA ordem dada \u00e0 autoridade policial para investigar pessoas espec\u00edficas, sem pedido do Minist\u00e9rio P\u00fablico e sem iniciativa da autoridade policial, \u00e9 nula, por exceder os limites de compet\u00eancia do magistrado na fase pr\u00e9-processual\u201d, afirmou Gonet na manifesta\u00e7\u00e3o. Para ele, caso surgissem ind\u00edcios envolvendo um integrante do STF, a quest\u00e3o deveria ser encaminhada ao presidente da Corte, Edson Fachin, para que o plen\u00e1rio avaliasse a necessidade de uma eventual investiga\u00e7\u00e3o.<\/p>\n\n\n\n<p>O relat\u00f3rio contestado tem 218 p\u00e1ginas e foi produzido pela Pol\u00edcia Federal a partir da an\u00e1lise do celular de Daniel Vorcaro, investigado no caso Banco Master. O documento re\u00fane mensagens, contratos, registros e metadados que fazem refer\u00eancia a Alexandre de Moraes, Paulo Gonet e ao diretor-geral da Pol\u00edcia Federal, Andrei Rodrigues. Parte do material trata de contatos entre Vorcaro e Moraes, al\u00e9m de quest\u00f5es relacionadas a neg\u00f3cios envolvendo o Banco Master.<\/p>\n\n\n\n<p>Entre os elementos apresentados pela PF est\u00e1 a refer\u00eancia a um contrato de aproximadamente R$ 131 milh\u00f5es entre o Banco Master e o escrit\u00f3rio de advocacia de Viviane Barci de Moraes, esposa do ministro Alexandre de Moraes. O material tamb\u00e9m registra contatos e pedidos feitos por Vorcaro a diferentes autoridades enquanto enfrentava problemas relacionados ao banco e \u00e0s investiga\u00e7\u00f5es que culminaram em sua pris\u00e3o. A exist\u00eancia dessas mensagens e contratos est\u00e1 documentada no relat\u00f3rio, mas as circunst\u00e2ncias e eventual relev\u00e2ncia jur\u00eddica dos fatos ainda s\u00e3o objeto de an\u00e1lise.<\/p>\n\n\n\n<p>A manifesta\u00e7\u00e3o de Gonet tamb\u00e9m tem peso institucional porque o pr\u00f3prio procurador-geral aparece mencionado no relat\u00f3rio da PF. As mensagens analisadas pelos investigadores incluem refer\u00eancias a contatos envolvendo Vorcaro e pessoas ligadas \u00e0 Procuradoria-Geral da Rep\u00fablica. O parecer apresentado nesta ter\u00e7a-feira, contudo, concentra-se principalmente na legalidade da determina\u00e7\u00e3o de Andr\u00e9 Mendon\u00e7a para aprofundar a investiga\u00e7\u00e3o sobre as conversas envolvendo Moraes.<\/p>\n\n\n\n<p>O pedido da PGR ocorre no mesmo dia em que o sigilo de parte do material foi retirado. Depois de receber o parecer de Gonet, Andr\u00e9 Mendon\u00e7a passou a defender que a quest\u00e3o seja discutida pelo plen\u00e1rio do Supremo. O ministro solicitou ao presidente da Corte, Edson Fachin, uma sess\u00e3o plen\u00e1ria presencial para analisar as mensagens e os desdobramentos da investiga\u00e7\u00e3o.<\/p>\n\n\n\n<p>A disputa agora envolve n\u00e3o apenas o conte\u00fado das mensagens encontradas no celular de Vorcaro, mas tamb\u00e9m os limites da atua\u00e7\u00e3o de um ministro do STF na fase pr\u00e9-processual de uma investiga\u00e7\u00e3o envolvendo outro integrante da Corte. At\u00e9 o momento, o pedido de Paulo Gonet \u00e9 uma manifesta\u00e7\u00e3o da Procuradoria-Geral da Rep\u00fablica e n\u00e3o representa uma decis\u00e3o definitiva sobre a validade do relat\u00f3rio. A quest\u00e3o dever\u00e1 ser submetida \u00e0 aprecia\u00e7\u00e3o do pr\u00f3prio Supremo Tribunal Federal.<\/p>\n","protected":false},"excerpt":{"rendered":"<p>O procurador-geral da Rep\u00fablica, Paulo Gonet, pediu nesta ter\u00e7a-feira, 1\u00ba de setembro de 2026, ao Supremo Tribunal Federal (STF), a anula\u00e7\u00e3o do relat\u00f3rio da Pol\u00edcia Federal que re\u00fane mensagens e outros elementos relacionados \u00e0 rela\u00e7\u00e3o entre o ex-controlador do Banco Master, Daniel Vorcaro, e o ministro Alexandre de Moraes. A manifesta\u00e7\u00e3o foi encaminhada ao ministro [&hellip;]<\/p>\n","protected":false},"author":3,"featured_media":410,"comment_status":"open","ping_status":"open","sticky":false,"template":"","format":"standard","meta":{"footnotes":""},"categories":[12],"tags":[],"class_list":["post-14578","post","type-post","status-publish","format-standard","has-post-thumbnail","hentry","category-nacionais"],"_links":{"self":[{"href":"https:\/\/diarionews.com.br\/index.php?rest_route=\/wp\/v2\/posts\/14578","targetHints":{"allow":["GET"]}}],"collection":[{"href":"https:\/\/diarionews.com.br\/index.php?rest_route=\/wp\/v2\/posts"}],"about":[{"href":"https:\/\/diarionews.com.br\/index.php?rest_route=\/wp\/v2\/types\/post"}],"author":[{"embeddable":true,"href":"https:\/\/diarionews.com.br\/index.php?rest_route=\/wp\/v2\/users\/3"}],"replies":[{"embeddable":true,"href":"https:\/\/diarionews.com.br\/index.php?rest_route=%2Fwp%2Fv2%2Fcomments&post=14578"}],"version-history":[{"count":1,"href":"https:\/\/diarionews.com.br\/index.php?rest_route=\/wp\/v2\/posts\/14578\/revisions"}],"predecessor-version":[{"id":14579,"href":"https:\/\/diarionews.com.br\/index.php?rest_route=\/wp\/v2\/posts\/14578\/revisions\/14579"}],"wp:featuredmedia":[{"embeddable":true,"href":"https:\/\/diarionews.com.br\/index.php?rest_route=\/wp\/v2\/media\/410"}],"wp:attachment":[{"href":"https:\/\/diarionews.com.br\/index.php?rest_route=%2Fwp%2Fv2%2Fmedia&parent=14578"}],"wp:term":[{"taxonomy":"category","embeddable":true,"href":"https:\/\/diarionews.com.br\/index.php?rest_route=%2Fwp%2Fv2%2Fcategories&post=14578"},{"taxonomy":"post_tag","embeddable":true,"href":"https:\/\/diarionews.com.br\/index.php?rest_route=%2Fwp%2Fv2%2Ftags&post=14578"}],"curies":[{"name":"wp","href":"https:\/\/api.w.org\/{rel}","templated":true}]}}