{"id":14572,"date":"2026-09-02T05:57:42","date_gmt":"2026-09-02T09:57:42","guid":{"rendered":"https:\/\/diarionews.com.br\/?p=14572"},"modified":"2026-09-02T05:57:44","modified_gmt":"2026-09-02T09:57:44","slug":"disputa-por-terras-e-caca-de-oncas-coloca-pai-e-filho-na-mira-da-policia","status":"publish","type":"post","link":"https:\/\/diarionews.com.br\/?p=14572","title":{"rendered":"Disputa por terras e ca\u00e7a de on\u00e7as coloca pai e filho na mira da pol\u00edcia"},"content":{"rendered":"\n<p>Uma disputa por terras levou a Pol\u00edcia Civil de Mato Grosso a deflagrar, nesta ter\u00e7a-feira, 1\u00ba de setembro de 2026, a Opera\u00e7\u00e3o Ca\u00e7ador, que investiga dois homens, pai e filho, por suspeita de tentativa de homic\u00eddio, amea\u00e7as, invas\u00e3o de propriedades, posse ilegal de arma de fogo e ca\u00e7a de animais silvestres. Os mandados de busca e apreens\u00e3o foram cumpridos em Alto Paraguai e Barra do Bugres.<\/p>\n\n\n\n<p>Os investigados t\u00eam 51 e 30 anos e passaram a ser alvo da apura\u00e7\u00e3o depois de registros de amea\u00e7as e conflitos relacionados \u00e0 disputa pela posse de terras, que tiveram in\u00edcio no fim de 2025. Um dos epis\u00f3dios investigados ocorreu em 24 de dezembro daquele ano, quando um homem de 57 anos foi atingido por um disparo de arma de fogo durante uma discuss\u00e3o. A Pol\u00edcia Civil passou a investigar se o conflito fundi\u00e1rio estaria relacionado ao ataque.<\/p>\n\n\n\n<p>No decorrer das investiga\u00e7\u00f5es, os policiais tamb\u00e9m receberam informa\u00e7\u00f5es de que pai e filho estariam envolvidos na ca\u00e7a ilegal de on\u00e7as-pintadas na regi\u00e3o. A suspeita fez com que a apura\u00e7\u00e3o tamb\u00e9m abrangesse poss\u00edveis crimes ambientais. At\u00e9 agora, por\u00e9m, n\u00e3o foram divulgados detalhes sobre a quantidade de animais que teriam sido abatidos ou sobre eventual localiza\u00e7\u00e3o de restos de on\u00e7as durante as buscas.<\/p>\n\n\n\n<p>Durante o cumprimento dos mandados, equipes das Delegacias de Diamantino e Barra do Bugres apreenderam duas armas de fogo de cano longo e seis muni\u00e7\u00f5es em uma propriedade rural de Alto Paraguai. Apesar das buscas, nenhum dos dois investigados foi localizado nos im\u00f3veis vistoriados. Por isso, a informa\u00e7\u00e3o de que eles teriam sido presos, presente no t\u00edtulo da publica\u00e7\u00e3o original, n\u00e3o corresponde ao resultado informado pela Pol\u00edcia Civil sobre a opera\u00e7\u00e3o.<\/p>\n\n\n\n<p>A investiga\u00e7\u00e3o continua para reunir elementos que permitam esclarecer a tentativa de homic\u00eddio, os conflitos envolvendo a propriedade rural e as demais suspeitas atribu\u00eddas aos dois homens. A Pol\u00edcia Civil tamb\u00e9m busca identificar a responsabilidade dos investigados e reunir provas para eventual indiciamento.<\/p>\n\n\n\n<p>A Opera\u00e7\u00e3o Ca\u00e7ador, portanto, re\u00fane duas frentes de investiga\u00e7\u00e3o que se cruzaram durante a apura\u00e7\u00e3o: de um lado, o conflito pela posse de terras, que teria evolu\u00eddo para amea\u00e7as e um epis\u00f3dio com disparo de arma de fogo; de outro, as informa\u00e7\u00f5es sobre a suposta ca\u00e7a de on\u00e7as-pintadas. At\u00e9 o momento, os fatos permanecem sob investiga\u00e7\u00e3o e os suspeitos n\u00e3o foram localizados durante o cumprimento dos mandados.<\/p>\n","protected":false},"excerpt":{"rendered":"<p>Uma disputa por terras levou a Pol\u00edcia Civil de Mato Grosso a deflagrar, nesta ter\u00e7a-feira, 1\u00ba de setembro de 2026, a Opera\u00e7\u00e3o Ca\u00e7ador, que investiga dois homens, pai e filho, por suspeita de tentativa de homic\u00eddio, amea\u00e7as, invas\u00e3o de propriedades, posse ilegal de arma de fogo e ca\u00e7a de animais silvestres. Os mandados de busca [&hellip;]<\/p>\n","protected":false},"author":3,"featured_media":14139,"comment_status":"open","ping_status":"open","sticky":false,"template":"","format":"standard","meta":{"footnotes":""},"categories":[18],"tags":[956],"class_list":["post-14572","post","type-post","status-publish","format-standard","has-post-thumbnail","hentry","category-estaduais","tag-importante"],"_links":{"self":[{"href":"https:\/\/diarionews.com.br\/index.php?rest_route=\/wp\/v2\/posts\/14572","targetHints":{"allow":["GET"]}}],"collection":[{"href":"https:\/\/diarionews.com.br\/index.php?rest_route=\/wp\/v2\/posts"}],"about":[{"href":"https:\/\/diarionews.com.br\/index.php?rest_route=\/wp\/v2\/types\/post"}],"author":[{"embeddable":true,"href":"https:\/\/diarionews.com.br\/index.php?rest_route=\/wp\/v2\/users\/3"}],"replies":[{"embeddable":true,"href":"https:\/\/diarionews.com.br\/index.php?rest_route=%2Fwp%2Fv2%2Fcomments&post=14572"}],"version-history":[{"count":1,"href":"https:\/\/diarionews.com.br\/index.php?rest_route=\/wp\/v2\/posts\/14572\/revisions"}],"predecessor-version":[{"id":14573,"href":"https:\/\/diarionews.com.br\/index.php?rest_route=\/wp\/v2\/posts\/14572\/revisions\/14573"}],"wp:featuredmedia":[{"embeddable":true,"href":"https:\/\/diarionews.com.br\/index.php?rest_route=\/wp\/v2\/media\/14139"}],"wp:attachment":[{"href":"https:\/\/diarionews.com.br\/index.php?rest_route=%2Fwp%2Fv2%2Fmedia&parent=14572"}],"wp:term":[{"taxonomy":"category","embeddable":true,"href":"https:\/\/diarionews.com.br\/index.php?rest_route=%2Fwp%2Fv2%2Fcategories&post=14572"},{"taxonomy":"post_tag","embeddable":true,"href":"https:\/\/diarionews.com.br\/index.php?rest_route=%2Fwp%2Fv2%2Ftags&post=14572"}],"curies":[{"name":"wp","href":"https:\/\/api.w.org\/{rel}","templated":true}]}}