{"id":14570,"date":"2026-09-02T07:51:00","date_gmt":"2026-09-02T11:51:00","guid":{"rendered":"https:\/\/diarionews.com.br\/?p=14570"},"modified":"2026-09-02T05:54:11","modified_gmt":"2026-09-02T09:54:11","slug":"nascido-em-alta-floresta-robson-quintino-assume-comando-do-municipio","status":"publish","type":"post","link":"https:\/\/diarionews.com.br\/?p=14570","title":{"rendered":"Nascido em Alta Floresta, Robson Quintino assume comando do munic\u00edpio"},"content":{"rendered":"\n<p>Alta Floresta vive um momento de significado hist\u00f3rico nesta ter\u00e7a-feira, 1\u00ba de setembro de 2026. Nascido no pr\u00f3prio munic\u00edpio, o vice-prefeito Robson Quintino de Oliveira assumiu interinamente o comando da Prefeitura durante o per\u00edodo de licen\u00e7a do prefeito Valdemar Gamba. \u00c9 a primeira vez, no contexto recente da administra\u00e7\u00e3o municipal, que um gestor nascido em Alta Floresta passa a conduzir o Executivo da cidade onde nasceu.<\/p>\n\n\n\n<p>Robson Quintino ficar\u00e1 \u00e0 frente do munic\u00edpio durante os 30 dias de afastamento de Valdemar Gamba, previsto entre 1\u00ba e 30 de setembro. A licen\u00e7a foi solicitada pelo prefeito para tratar de assuntos particulares e a substitui\u00e7\u00e3o pelo vice-prefeito est\u00e1 prevista no artigo 55 da Lei Org\u00e2nica Municipal. A C\u00e2mara Municipal tamb\u00e9m estabeleceu que a mudan\u00e7a fosse formalizada por meio de ato de transmiss\u00e3o interina do exerc\u00edcio do cargo e respectivo Termo de Transmiss\u00e3o.<\/p>\n\n\n\n<p>A chegada de Robson ao comando da Prefeitura tem um significado que ultrapassa a substitui\u00e7\u00e3o administrativa. Alta-florestense de nascimento, ele passa a ocupar temporariamente a chefia do Poder Executivo do munic\u00edpio onde nasceu, estabelecendo uma liga\u00e7\u00e3o direta entre sua trajet\u00f3ria pessoal e a hist\u00f3ria administrativa da cidade. A pr\u00f3pria Prefeitura classificou o momento como especial e destacou o fato de um gestor nascido no munic\u00edpio assumir a responsabilidade de conduzir os destinos de Alta Floresta.<\/p>\n\n\n\n<p>Vice-prefeito eleito para a atual gest\u00e3o, Robson tamb\u00e9m acumula experi\u00eancia na administra\u00e7\u00e3o p\u00fablica municipal. Antes de assumir interinamente a Prefeitura, ocupava a Secretaria de Governo, Gest\u00e3o e Planejamento e j\u00e1 havia respondido interinamente pela Secretaria Municipal de Sa\u00fade em 2026. Em dezembro de 2024, a Prefeitura informou que ele retornaria \u00e0 Secretaria de Governo ap\u00f3s ser eleito vice-prefeito de Valdemar Gamba.<\/p>\n\n\n\n<p>A substitui\u00e7\u00e3o ocorre dentro de uma parceria pol\u00edtica e administrativa constru\u00edda entre Robson Quintino e Valdemar Gamba. Ao anunciar o retorno de Robson \u00e0 Secretaria de Governo, Gest\u00e3o e Planejamento, em dezembro de 2024, Gamba destacou a atua\u00e7\u00e3o do ent\u00e3o secret\u00e1rio e o classificou como seu \u201cbra\u00e7o direito dentro da gest\u00e3o\u201d. Agora, essa rela\u00e7\u00e3o administrativa ganha uma nova dimens\u00e3o com Robson assumindo temporariamente a chefia do Executivo municipal.<\/p>\n\n\n\n<p>Durante os 30 dias de interinidade, Robson ter\u00e1 a responsabilidade de manter o funcionamento da administra\u00e7\u00e3o municipal e dar continuidade \u00e0s obras, projetos e a\u00e7\u00f5es em andamento. Para a popula\u00e7\u00e3o, por\u00e9m, o epis\u00f3dio representa tamb\u00e9m um marco simb\u00f3lico: pela primeira vez neste contexto recente da administra\u00e7\u00e3o de Alta Floresta, um cidad\u00e3o nascido na pr\u00f3pria cidade assume a condu\u00e7\u00e3o do munic\u00edpio.<\/p>\n\n\n\n<p>A passagem pelo cargo ser\u00e1 tempor\u00e1ria, mas o significado do momento permanece. A partir de 1\u00ba de setembro de 2026, Robson Quintino de Oliveira passa a escrever um cap\u00edtulo particular de sua trajet\u00f3ria pol\u00edtica ao comandar, ainda que interinamente, a Prefeitura da cidade onde nasceu. Alta Floresta, por sua vez, passa a ser administrada por um de seus filhos naturais, em um epis\u00f3dio que marca a hist\u00f3ria recente do munic\u00edpio.<\/p>\n","protected":false},"excerpt":{"rendered":"<p>Alta Floresta vive um momento de significado hist\u00f3rico nesta ter\u00e7a-feira, 1\u00ba de setembro de 2026. Nascido no pr\u00f3prio munic\u00edpio, o vice-prefeito Robson Quintino de Oliveira assumiu interinamente o comando da Prefeitura durante o per\u00edodo de licen\u00e7a do prefeito Valdemar Gamba. \u00c9 a primeira vez, no contexto recente da administra\u00e7\u00e3o municipal, que um gestor nascido em [&hellip;]<\/p>\n","protected":false},"author":3,"featured_media":0,"comment_status":"open","ping_status":"open","sticky":false,"template":"","format":"standard","meta":{"footnotes":""},"categories":[19],"tags":[956],"class_list":["post-14570","post","type-post","status-publish","format-standard","hentry","category-politica","tag-importante"],"_links":{"self":[{"href":"https:\/\/diarionews.com.br\/index.php?rest_route=\/wp\/v2\/posts\/14570","targetHints":{"allow":["GET"]}}],"collection":[{"href":"https:\/\/diarionews.com.br\/index.php?rest_route=\/wp\/v2\/posts"}],"about":[{"href":"https:\/\/diarionews.com.br\/index.php?rest_route=\/wp\/v2\/types\/post"}],"author":[{"embeddable":true,"href":"https:\/\/diarionews.com.br\/index.php?rest_route=\/wp\/v2\/users\/3"}],"replies":[{"embeddable":true,"href":"https:\/\/diarionews.com.br\/index.php?rest_route=%2Fwp%2Fv2%2Fcomments&post=14570"}],"version-history":[{"count":1,"href":"https:\/\/diarionews.com.br\/index.php?rest_route=\/wp\/v2\/posts\/14570\/revisions"}],"predecessor-version":[{"id":14571,"href":"https:\/\/diarionews.com.br\/index.php?rest_route=\/wp\/v2\/posts\/14570\/revisions\/14571"}],"wp:attachment":[{"href":"https:\/\/diarionews.com.br\/index.php?rest_route=%2Fwp%2Fv2%2Fmedia&parent=14570"}],"wp:term":[{"taxonomy":"category","embeddable":true,"href":"https:\/\/diarionews.com.br\/index.php?rest_route=%2Fwp%2Fv2%2Fcategories&post=14570"},{"taxonomy":"post_tag","embeddable":true,"href":"https:\/\/diarionews.com.br\/index.php?rest_route=%2Fwp%2Fv2%2Ftags&post=14570"}],"curies":[{"name":"wp","href":"https:\/\/api.w.org\/{rel}","templated":true}]}}