{"id":14567,"date":"2026-09-02T05:50:34","date_gmt":"2026-09-02T09:50:34","guid":{"rendered":"https:\/\/diarionews.com.br\/?p=14567"},"modified":"2026-09-02T05:50:36","modified_gmt":"2026-09-02T09:50:36","slug":"robson-quintino-assume-interinamente-a-prefeitura-de-alta-floresta-por-30-dias","status":"publish","type":"post","link":"https:\/\/diarionews.com.br\/?p=14567","title":{"rendered":"Robson Quintino assume interinamente a Prefeitura de Alta Floresta por 30 dias"},"content":{"rendered":"\n<p>A C\u00e2mara Municipal de Alta Floresta realizou, na manh\u00e3 desta ter\u00e7a-feira (1\u00ba), o ato de transmiss\u00e3o interina do exerc\u00edcio do cargo de prefeito. A cerim\u00f4nia ocorreu ap\u00f3s a aprova\u00e7\u00e3o, durante a sess\u00e3o ordin\u00e1ria da \u00faltima sexta-feira (28), do pedido de licen\u00e7a do prefeito Chico Gamba para afastamento tempor\u00e1rio do cargo pelo per\u00edodo de 30 dias.<\/p>\n\n\n\n<p>Durante o ato, foi assinado o Termo de Transmiss\u00e3o de Cargo, oficializando a passagem tempor\u00e1ria do exerc\u00edcio do Poder Executivo ao vice-prefeito Robson Quintino. Com a medida, ele assume interinamente a Prefeitura de Alta Floresta durante o per\u00edodo correspondente \u00e0 licen\u00e7a concedida ao prefeito Chico Gamba.<\/p>\n\n\n\n<p>A cerim\u00f4nia contou com a presen\u00e7a do prefeito licenciado, vereadores e secret\u00e1rios municipais e representa o cumprimento do procedimento legal necess\u00e1rio para assegurar a continuidade da administra\u00e7\u00e3o municipal durante o afastamento tempor\u00e1rio do chefe do Executivo.<\/p>\n\n\n\n<p>Ao assumir a Prefeitura, Robson Quintino destacou que a transmiss\u00e3o n\u00e3o representa uma ruptura ou mudan\u00e7a na condu\u00e7\u00e3o da administra\u00e7\u00e3o, mas a continuidade de um trabalho desenvolvido em conjunto desde 2021.<\/p>\n\n\n\n<p>\u201cEu acho que tem mais sentimento do que altera\u00e7\u00e3o ou mudan\u00e7a. Somos um grupo e mantemos o status quo, com muita tranquilidade e uma rela\u00e7\u00e3o de muita confian\u00e7a entre a gente\u201d, afirmou.<\/p>\n\n\n\n<p>Robson tamb\u00e9m ressaltou o significado pessoal de assumir, ainda que temporariamente, a chefia do Executivo do munic\u00edpio onde nasceu e foi criado. Segundo ele, a responsabilidade refor\u00e7a o compromisso de dar continuidade \u00e0s a\u00e7\u00f5es desenvolvidas pela atual gest\u00e3o e de manter a integra\u00e7\u00e3o entre os Poderes Executivo e Legislativo.<\/p>\n\n\n\n<p>\u201cAcima de tudo, temos a certeza de continuar o trabalho dele, o bom trabalho e o trabalho de grupo que temos, com esse compromisso com Alta Floresta de entregar resultados\u201d, destacou.<\/p>\n\n\n\n<p>Entre as prioridades citadas pelo prefeito interino est\u00e1 a continuidade de pautas consideradas estrat\u00e9gicas para o munic\u00edpio. Ele mencionou, como exemplo, a entrega do Plano Diretor \u00e0 C\u00e2mara Municipal, iniciativa que, segundo ele, abre uma nova etapa de discuss\u00e3o sobre o ordenamento territorial de Alta Floresta, especialmente diante do processo de expans\u00e3o urbana e imobili\u00e1ria e do surgimento de novos loteamentos.<\/p>\n\n\n\n<p>Robson tamb\u00e9m destacou a necessidade de avan\u00e7ar nas discuss\u00f5es relacionadas ao abastecimento e \u00e0 qualidade da \u00e1gua no munic\u00edpio. Segundo ele, o Executivo e o Legislativo devem manter o di\u00e1logo para buscar respostas efetivas \u00e0s demandas apresentadas pela popula\u00e7\u00e3o.<\/p>\n\n\n\n<p>O prefeito interino ressaltou ainda a import\u00e2ncia da aproxima\u00e7\u00e3o entre os dois Poderes. Para ele, a atua\u00e7\u00e3o conjunta entre Executivo e Legislativo contribui para que as decis\u00f5es sejam direcionadas \u00e0s necessidades da popula\u00e7\u00e3o.<\/p>\n\n\n\n<p>\u201cPrecisamos caminhar mais juntos, porque quem ganha \u00e9 a sociedade\u201d, afirmou.<\/p>\n\n\n\n<p>O presidente da C\u00e2mara Municipal, Francisco Ailton dos Santos, parabenizou Robson Quintino pela posse interina e destacou o significado hist\u00f3rico do momento.<\/p>\n\n\n\n<p>\u201c\u00c9 o primeiro alta-florestense a ser prefeito da nossa cidade. Uma pessoa que nasceu aqui, se criou aqui, estudou, cresceu e agora est\u00e1 como prefeito de Alta Floresta\u201d, afirmou.<\/p>\n\n\n\n<p>Francisco Ailton desejou sucesso ao prefeito interino durante os 30 dias de exerc\u00edcio do cargo e destacou a trajet\u00f3ria constru\u00edda por Robson ao lado do prefeito Chico Gamba e da equipe de governo.<\/p>\n\n\n\n<p>\u201cQue Deus aben\u00e7oe grandemente. Tenho certeza de que ele far\u00e1 uma boa administra\u00e7\u00e3o nesses 30 dias, assim como o Chico j\u00e1 vem fazendo junto com ele e com todo o grupo. Tem tudo para dar certo\u201d, declarou.<\/p>\n\n\n\n<p><strong>Lindomar Leal<\/strong><\/p>\n\n\n\n<p><strong>Assessoria de Imprensa<\/strong><\/p>\n\n\n\n<p><strong>C\u00e2mara Municipal<\/strong><\/p>\n","protected":false},"excerpt":{"rendered":"<p>A C\u00e2mara Municipal de Alta Floresta realizou, na manh\u00e3 desta ter\u00e7a-feira (1\u00ba), o ato de transmiss\u00e3o interina do exerc\u00edcio do cargo de prefeito. A cerim\u00f4nia ocorreu ap\u00f3s a aprova\u00e7\u00e3o, durante a sess\u00e3o ordin\u00e1ria da \u00faltima sexta-feira (28), do pedido de licen\u00e7a do prefeito Chico Gamba para afastamento tempor\u00e1rio do cargo pelo per\u00edodo de 30 dias. [&hellip;]<\/p>\n","protected":false},"author":3,"featured_media":14568,"comment_status":"open","ping_status":"open","sticky":false,"template":"","format":"standard","meta":{"footnotes":""},"categories":[19],"tags":[89,956],"class_list":["post-14567","post","type-post","status-publish","format-standard","has-post-thumbnail","hentry","category-politica","tag-altafloresta","tag-importante"],"_links":{"self":[{"href":"https:\/\/diarionews.com.br\/index.php?rest_route=\/wp\/v2\/posts\/14567","targetHints":{"allow":["GET"]}}],"collection":[{"href":"https:\/\/diarionews.com.br\/index.php?rest_route=\/wp\/v2\/posts"}],"about":[{"href":"https:\/\/diarionews.com.br\/index.php?rest_route=\/wp\/v2\/types\/post"}],"author":[{"embeddable":true,"href":"https:\/\/diarionews.com.br\/index.php?rest_route=\/wp\/v2\/users\/3"}],"replies":[{"embeddable":true,"href":"https:\/\/diarionews.com.br\/index.php?rest_route=%2Fwp%2Fv2%2Fcomments&post=14567"}],"version-history":[{"count":1,"href":"https:\/\/diarionews.com.br\/index.php?rest_route=\/wp\/v2\/posts\/14567\/revisions"}],"predecessor-version":[{"id":14569,"href":"https:\/\/diarionews.com.br\/index.php?rest_route=\/wp\/v2\/posts\/14567\/revisions\/14569"}],"wp:featuredmedia":[{"embeddable":true,"href":"https:\/\/diarionews.com.br\/index.php?rest_route=\/wp\/v2\/media\/14568"}],"wp:attachment":[{"href":"https:\/\/diarionews.com.br\/index.php?rest_route=%2Fwp%2Fv2%2Fmedia&parent=14567"}],"wp:term":[{"taxonomy":"category","embeddable":true,"href":"https:\/\/diarionews.com.br\/index.php?rest_route=%2Fwp%2Fv2%2Fcategories&post=14567"},{"taxonomy":"post_tag","embeddable":true,"href":"https:\/\/diarionews.com.br\/index.php?rest_route=%2Fwp%2Fv2%2Ftags&post=14567"}],"curies":[{"name":"wp","href":"https:\/\/api.w.org\/{rel}","templated":true}]}}