{"id":14333,"date":"2026-09-01T15:57:28","date_gmt":"2026-09-01T19:57:28","guid":{"rendered":"https:\/\/diarionews.com.br\/?p=14333"},"modified":"2026-09-01T17:40:29","modified_gmt":"2026-09-01T21:40:29","slug":"conexao-uniflor-reune-familias-em-debate-sobre-educacao-e-futuro","status":"publish","type":"post","link":"https:\/\/diarionews.com.br\/?p=14333","title":{"rendered":"Conex\u00e3o Uniflor re\u00fane fam\u00edlias em debate sobre educa\u00e7\u00e3o e futuro"},"content":{"rendered":"\n<p>O Col\u00e9gio Uniflor realiza nesta quarta-feira (2), \u00e0s 19h, o evento&nbsp;\u201cConex\u00e3o Uniflor 2026\u201d, no Sal\u00e3o Nobre da pr\u00f3pria institui\u00e7\u00e3o, em Alta Floresta. Com o mote&nbsp;\u201cEduca\u00e7\u00e3o, Fam\u00edlia e Futuro\u201d, o encontro ter\u00e1 duas palestras voltadas a quest\u00f5es que envolvem a forma\u00e7\u00e3o e o desenvolvimento de crian\u00e7as e adolescentes.<\/p>\n\n\n<div class=\"wp-block-image\">\n<figure class=\"alignleft size-full\"><img loading=\"lazy\" decoding=\"async\" width=\"400\" height=\"400\" src=\"https:\/\/diarionews.com.br\/wp-content\/uploads\/2026\/09\/Clodoaldo-Adamzuck.jpeg\" alt=\"\" class=\"wp-image-14334\" srcset=\"https:\/\/diarionews.com.br\/wp-content\/uploads\/2026\/09\/Clodoaldo-Adamzuck.jpeg 400w, https:\/\/diarionews.com.br\/wp-content\/uploads\/2026\/09\/Clodoaldo-Adamzuck-300x300.jpeg 300w, https:\/\/diarionews.com.br\/wp-content\/uploads\/2026\/09\/Clodoaldo-Adamzuck-150x150.jpeg 150w\" sizes=\"auto, (max-width: 400px) 100vw, 400px\" \/><\/figure><\/div>\n\n\n<p>Segundo o professor e diretor pedag\u00f3gico do Col\u00e9gio Uniflor, Clodoaldo Adamczuk, o evento \u00e9 marcado por dois momentos fundamentais: um di\u00e1logo direto com a comunidade sobre o desenvolvimento socioemocional infantojuvenil e o an\u00fancio de novidades estruturais da escola.&nbsp;&#8220;\u00c9 um di\u00e1logo junto com as fam\u00edlias e toda a comunidade altaflorestense sobre o aspecto socioemocional de adolescentes e crian\u00e7as, e os impactos das redes sociais na sa\u00fade mental&#8221;, afirma o diretor.<\/p>\n\n\n\n<p>A programa\u00e7\u00e3o contar\u00e1 com a participa\u00e7\u00e3o de Fabiana Almeida, de S\u00e3o Paulo, na palestra&nbsp;\u201cAprender a Conviver: o Socioemocional em Todo Lugar\u201d. Assessora pedag\u00f3gica, especialista em Doc\u00eancia em Libras, Educa\u00e7\u00e3o Inclusiva e MBA em Diversidade e Inclus\u00e3o, ela abordar\u00e1 a import\u00e2ncia das compet\u00eancias socioemocionais nos diferentes ambientes frequentados pelos estudantes. A palestrante \u00e9 vinculada ao Laborat\u00f3rio de Intelig\u00eancia de Vida (LIV), sistema socioemocional j\u00e1 adotado na rotina escolar do Col\u00e9gio Uniflor.<\/p>\n\n\n\n<p>A segunda palestra ser\u00e1 conduzida por Mara de Oliveira Basso, m\u00e9dica psiquiatra, com o tema&nbsp;\u201cImpactos das Redes Sociais na Sa\u00fade Mental de Crian\u00e7as e Adolescentes\u201d. A discuss\u00e3o coloca em evid\u00eancia uma preocupa\u00e7\u00e3o cada vez mais presente entre fam\u00edlias, escolas e profissionais que acompanham crian\u00e7as e adolescentes: os efeitos do uso das redes sociais e das telas sobre o desenvolvimento e a sa\u00fade mental. A vinda da especialista, uma m\u00e9dica psiquiatra rec\u00e9m-chegada ao munic\u00edpio, foi apontada pelo diretor pedag\u00f3gico como uma oportunidade valiosa para enriquecer o debate.<\/p>\n\n\n\n<p>A escolha dos dois temas aproxima o evento de quest\u00f5es que ultrapassam o conte\u00fado tradicional de sala de aula. Enquanto a primeira palestra aborda conviv\u00eancia, inclus\u00e3o e aspectos socioemocionais, a segunda concentra-se nos desafios relacionados ao ambiente digital e \u00e0 sa\u00fade mental de crian\u00e7as e adolescentes, oferecendo aos pais uma oportunidade para refletir sobre situa\u00e7\u00f5es presentes tanto na escola quanto dentro de casa.<\/p>\n\n\n\n<p>De acordo com Clodoaldo, essa integra\u00e7\u00e3o reflete a pr\u00f3pria ess\u00eancia do col\u00e9gio.&nbsp;&#8220;Como a gente tem esse slogan de o Col\u00e9gio Uniflor ser &#8216;uma escola que sente&#8217;, a gente trabalha muito esse aspecto de acolhimento e de di\u00e1logo junto com as fam\u00edlias&#8221;, destaca. Ele refor\u00e7a que o encontro \u00e9 um convite aberto para aproximar a sociedade da proposta pedag\u00f3gica da institui\u00e7\u00e3o.<\/p>\n\n\n\n<p>O evento tamb\u00e9m marca o lan\u00e7amento oficial das matr\u00edculas e rematr\u00edculas do Col\u00e9gio Uniflor para o ano letivo de 2027. Dessa forma, al\u00e9m da programa\u00e7\u00e3o voltada \u00e0 educa\u00e7\u00e3o e \u00e0 fam\u00edlia, o encontro apresenta as novidades da institui\u00e7\u00e3o para o pr\u00f3ximo ano e integra o per\u00edodo de prepara\u00e7\u00e3o para a forma\u00e7\u00e3o das turmas de 2027.<\/p>\n\n\n\n<p>O grande \u00e1pice do evento, conforme detalha o diretor, ser\u00e1 a apresenta\u00e7\u00e3o em primeira m\u00e3o das inova\u00e7\u00f5es e transforma\u00e7\u00f5es pedag\u00f3gicas planejadas para 2027. Trata-se de novas diretrizes contempor\u00e2neas que foram mapeadas tanto no cen\u00e1rio nacional quanto em modelos internacionais de ensino.&nbsp;&#8220;Um dos logos da Uniflor \u00e9 a tradi\u00e7\u00e3o e a inova\u00e7\u00e3o. Ent\u00e3o a gente tem buscado tudo que tem ocorrido de novo dentro do pa\u00eds para estar inovando&#8221;, pontua Clodoaldo, concluindo que o investimento cont\u00ednuo visa ofertar um modelo&nbsp;&#8220;cada vez diferente, atual e melhor&#8221;, gerando benef\u00edcios diretos ao desenvolvimento dos alunos.<\/p>\n","protected":false},"excerpt":{"rendered":"<p>O Col\u00e9gio Uniflor realiza nesta quarta-feira (2), \u00e0s 19h, o evento&nbsp;\u201cConex\u00e3o Uniflor 2026\u201d, no Sal\u00e3o Nobre da pr\u00f3pria institui\u00e7\u00e3o, em Alta Floresta. Com o mote&nbsp;\u201cEduca\u00e7\u00e3o, Fam\u00edlia e Futuro\u201d, o encontro ter\u00e1 duas palestras voltadas a quest\u00f5es que envolvem a forma\u00e7\u00e3o e o desenvolvimento de crian\u00e7as e adolescentes. Segundo o professor e diretor pedag\u00f3gico do Col\u00e9gio [&hellip;]<\/p>\n","protected":false},"author":1,"featured_media":14336,"comment_status":"open","ping_status":"open","sticky":false,"template":"","format":"standard","meta":{"footnotes":""},"categories":[9],"tags":[],"class_list":["post-14333","post","type-post","status-publish","format-standard","has-post-thumbnail","hentry","category-educacao"],"_links":{"self":[{"href":"https:\/\/diarionews.com.br\/index.php?rest_route=\/wp\/v2\/posts\/14333","targetHints":{"allow":["GET"]}}],"collection":[{"href":"https:\/\/diarionews.com.br\/index.php?rest_route=\/wp\/v2\/posts"}],"about":[{"href":"https:\/\/diarionews.com.br\/index.php?rest_route=\/wp\/v2\/types\/post"}],"author":[{"embeddable":true,"href":"https:\/\/diarionews.com.br\/index.php?rest_route=\/wp\/v2\/users\/1"}],"replies":[{"embeddable":true,"href":"https:\/\/diarionews.com.br\/index.php?rest_route=%2Fwp%2Fv2%2Fcomments&post=14333"}],"version-history":[{"count":2,"href":"https:\/\/diarionews.com.br\/index.php?rest_route=\/wp\/v2\/posts\/14333\/revisions"}],"predecessor-version":[{"id":14337,"href":"https:\/\/diarionews.com.br\/index.php?rest_route=\/wp\/v2\/posts\/14333\/revisions\/14337"}],"wp:featuredmedia":[{"embeddable":true,"href":"https:\/\/diarionews.com.br\/index.php?rest_route=\/wp\/v2\/media\/14336"}],"wp:attachment":[{"href":"https:\/\/diarionews.com.br\/index.php?rest_route=%2Fwp%2Fv2%2Fmedia&parent=14333"}],"wp:term":[{"taxonomy":"category","embeddable":true,"href":"https:\/\/diarionews.com.br\/index.php?rest_route=%2Fwp%2Fv2%2Fcategories&post=14333"},{"taxonomy":"post_tag","embeddable":true,"href":"https:\/\/diarionews.com.br\/index.php?rest_route=%2Fwp%2Fv2%2Ftags&post=14333"}],"curies":[{"name":"wp","href":"https:\/\/api.w.org\/{rel}","templated":true}]}}