{"id":14325,"date":"2026-09-01T06:24:44","date_gmt":"2026-09-01T10:24:44","guid":{"rendered":"https:\/\/diarionews.com.br\/?p=14325"},"modified":"2026-09-01T06:24:46","modified_gmt":"2026-09-01T10:24:46","slug":"pivetta-declara-apoio-a-flavio-bolsonaro-na-disputa-pela-presidencia","status":"publish","type":"post","link":"https:\/\/diarionews.com.br\/?p=14325","title":{"rendered":"Pivetta declara apoio a Fl\u00e1vio Bolsonaro na disputa pela Presid\u00eancia"},"content":{"rendered":"\n<p>O governador de Mato Grosso e candidato \u00e0 reelei\u00e7\u00e3o, Otaviano Pivetta (Republicanos), declarou nesta segunda-feira (31) apoio ao senador Fl\u00e1vio Bolsonaro (PL) na disputa pela Presid\u00eancia da Rep\u00fablica. A manifesta\u00e7\u00e3o ocorre durante a corrida eleitoral de 2026 e confirma o alinhamento do candidato ao governo de Mato Grosso com a candidatura de Fl\u00e1vio no cen\u00e1rio nacional.<\/p>\n\n\n\n<p>Pivetta afirmou que apoia Fl\u00e1vio Bolsonaro por considerar que a disputa presidencial tamb\u00e9m envolve uma escolha entre projetos pol\u00edticos diferentes. Na declara\u00e7\u00e3o divulgada nesta segunda-feira, o governador destacou o posicionamento contr\u00e1rio ao Partido dos Trabalhadores e afirmou que a decis\u00e3o est\u00e1 relacionada \u00e0 necessidade de enfrentar o PT na elei\u00e7\u00e3o.<\/p>\n\n\n\n<p>O apoio ocorre em um momento de movimenta\u00e7\u00e3o das alian\u00e7as pol\u00edticas em Mato Grosso. Pivetta busca permanecer no comando do Pal\u00e1cio Paiagu\u00e1s, enquanto Fl\u00e1vio Bolsonaro tenta conquistar a Presid\u00eancia da Rep\u00fablica pelo PL. A defini\u00e7\u00e3o do governador amplia o n\u00famero de lideran\u00e7as pol\u00edticas de Mato Grosso que passam a declarar publicamente posi\u00e7\u00e3o na elei\u00e7\u00e3o nacional.<\/p>\n\n\n\n<p>A manifesta\u00e7\u00e3o tamb\u00e9m representa uma mudan\u00e7a em rela\u00e7\u00e3o ao posicionamento p\u00fablico apresentado por Pivetta meses atr\u00e1s. Em abril de 2026, o governador havia declarado que n\u00e3o tinha visto Fl\u00e1vio Bolsonaro manifestar apoio ao senador Wellington Fagundes na disputa pelo Governo de Mato Grosso. Na ocasi\u00e3o, Pivetta afirmou que a defini\u00e7\u00e3o sobre o voto caberia ao eleitor.<\/p>\n\n\n\n<p>Fl\u00e1vio Bolsonaro vem intensificando a agenda de campanha nas \u00faltimas semanas. Em 25 de agosto, iniciou uma s\u00e9rie de compromissos no Nordeste, passando por Alagoas, e posteriormente realizou outros eventos de campanha. No dia 28 de agosto, participou de entrevista no Jornal Nacional, e no dia 29 esteve em agenda oficial em Angra dos Reis, no Rio de Janeiro.<\/p>\n\n\n\n<p>A disputa presidencial tamb\u00e9m apresenta um cen\u00e1rio apertado nas pesquisas mais recentes. Levantamento BTG\/Nexus divulgado em 31 de agosto aponta o presidente Luiz In\u00e1cio Lula da Silva (PT) com 39% das inten\u00e7\u00f5es de voto no primeiro turno, contra 33% de Fl\u00e1vio Bolsonaro. Como a margem de erro \u00e9 de dois pontos percentuais, os dois aparecem em situa\u00e7\u00e3o de proximidade no levantamento. Em uma simula\u00e7\u00e3o de segundo turno entre os dois, Lula registra 46% e Fl\u00e1vio, 45%.<\/p>\n\n\n\n<p>Com a declara\u00e7\u00e3o de Pivetta, a elei\u00e7\u00e3o de 2026 ganha mais um elemento de defini\u00e7\u00e3o pol\u00edtica em Mato Grosso, estado onde a disputa pelo governo e pelo apoio aos candidatos \u00e0 Presid\u00eancia ocorre simultaneamente. O governador agora deixa p\u00fablico seu posicionamento na corrida nacional, enquanto mant\u00e9m a candidatura \u00e0 reelei\u00e7\u00e3o ao Pal\u00e1cio Paiagu\u00e1s.<\/p>\n\n\n\n<p><\/p>\n","protected":false},"excerpt":{"rendered":"<p>O governador de Mato Grosso e candidato \u00e0 reelei\u00e7\u00e3o, Otaviano Pivetta (Republicanos), declarou nesta segunda-feira (31) apoio ao senador Fl\u00e1vio Bolsonaro (PL) na disputa pela Presid\u00eancia da Rep\u00fablica. A manifesta\u00e7\u00e3o ocorre durante a corrida eleitoral de 2026 e confirma o alinhamento do candidato ao governo de Mato Grosso com a candidatura de Fl\u00e1vio no cen\u00e1rio [&hellip;]<\/p>\n","protected":false},"author":3,"featured_media":14326,"comment_status":"open","ping_status":"open","sticky":false,"template":"","format":"standard","meta":{"footnotes":""},"categories":[19],"tags":[956],"class_list":["post-14325","post","type-post","status-publish","format-standard","has-post-thumbnail","hentry","category-politica","tag-importante"],"_links":{"self":[{"href":"https:\/\/diarionews.com.br\/index.php?rest_route=\/wp\/v2\/posts\/14325","targetHints":{"allow":["GET"]}}],"collection":[{"href":"https:\/\/diarionews.com.br\/index.php?rest_route=\/wp\/v2\/posts"}],"about":[{"href":"https:\/\/diarionews.com.br\/index.php?rest_route=\/wp\/v2\/types\/post"}],"author":[{"embeddable":true,"href":"https:\/\/diarionews.com.br\/index.php?rest_route=\/wp\/v2\/users\/3"}],"replies":[{"embeddable":true,"href":"https:\/\/diarionews.com.br\/index.php?rest_route=%2Fwp%2Fv2%2Fcomments&post=14325"}],"version-history":[{"count":1,"href":"https:\/\/diarionews.com.br\/index.php?rest_route=\/wp\/v2\/posts\/14325\/revisions"}],"predecessor-version":[{"id":14327,"href":"https:\/\/diarionews.com.br\/index.php?rest_route=\/wp\/v2\/posts\/14325\/revisions\/14327"}],"wp:featuredmedia":[{"embeddable":true,"href":"https:\/\/diarionews.com.br\/index.php?rest_route=\/wp\/v2\/media\/14326"}],"wp:attachment":[{"href":"https:\/\/diarionews.com.br\/index.php?rest_route=%2Fwp%2Fv2%2Fmedia&parent=14325"}],"wp:term":[{"taxonomy":"category","embeddable":true,"href":"https:\/\/diarionews.com.br\/index.php?rest_route=%2Fwp%2Fv2%2Fcategories&post=14325"},{"taxonomy":"post_tag","embeddable":true,"href":"https:\/\/diarionews.com.br\/index.php?rest_route=%2Fwp%2Fv2%2Ftags&post=14325"}],"curies":[{"name":"wp","href":"https:\/\/api.w.org\/{rel}","templated":true}]}}