{"id":14323,"date":"2026-09-01T07:17:00","date_gmt":"2026-09-01T11:17:00","guid":{"rendered":"https:\/\/diarionews.com.br\/?p=14323"},"modified":"2026-09-01T15:58:34","modified_gmt":"2026-09-01T19:58:34","slug":"motociclista-fica-ferido-apos-atropelar-capivara-na-mt-208","status":"publish","type":"post","link":"https:\/\/diarionews.com.br\/?p=14323","title":{"rendered":"Motociclista fica ferido ap\u00f3s atropelar capivara na MT-208"},"content":{"rendered":"\n<p>Um motociclista de 20 anos ficou ferido ap\u00f3s atropelar uma capivara na noite de 31 de agosto, na Rodovia MT-208, nas proximidades do ponto de capta\u00e7\u00e3o de \u00e1gua do munic\u00edpio. A ocorr\u00eancia foi registrada por volta das 20h40, conforme informa\u00e7\u00f5es do registro policial.<\/p>\n\n\n\n<p>A guarni\u00e7\u00e3o foi acionada ap\u00f3s receber a informa\u00e7\u00e3o de que um motociclista havia atingido o animal silvestre. Os policiais se deslocaram at\u00e9 o local indicado e constataram a veracidade do acidente.<\/p>\n\n\n\n<p>O condutor da motocicleta foi socorrido por uma equipe do Corpo de Bombeiros Militar e encaminhado ao Hospital Regional, onde permaneceu sob cuidados m\u00e9dicos. O registro da ocorr\u00eancia n\u00e3o informa a gravidade dos ferimentos nem o estado de sa\u00fade mais atualizado do motociclista.<\/p>\n\n\n\n<p>Ap\u00f3s o acidente, a motocicleta foi apreendida e encaminhada ao p\u00e1tio do Departamento Estadual de Tr\u00e2nsito (Detran). O caso foi registrado pela Pol\u00edcia Militar e encaminhado \u00e0 DMPJC para as demais provid\u00eancias.<\/p>\n\n\n\n<p>O registro n\u00e3o informa o que aconteceu com a capivara ap\u00f3s a colis\u00e3o. Tamb\u00e9m n\u00e3o foram divulgadas informa\u00e7\u00f5es sobre eventual atendimento ao animal ou sobre as circunst\u00e2ncias que fizeram o animal acessar a rodovia.<\/p>\n","protected":false},"excerpt":{"rendered":"<p>Um motociclista de 20 anos ficou ferido ap\u00f3s atropelar uma capivara na noite de 31 de agosto, na Rodovia MT-208, nas proximidades do ponto de capta\u00e7\u00e3o de \u00e1gua do munic\u00edpio. A ocorr\u00eancia foi registrada por volta das 20h40, conforme informa\u00e7\u00f5es do registro policial. A guarni\u00e7\u00e3o foi acionada ap\u00f3s receber a informa\u00e7\u00e3o de que um motociclista [&hellip;]<\/p>\n","protected":false},"author":3,"featured_media":6115,"comment_status":"open","ping_status":"open","sticky":false,"template":"","format":"standard","meta":{"footnotes":""},"categories":[14],"tags":[],"class_list":["post-14323","post","type-post","status-publish","format-standard","has-post-thumbnail","hentry","category-policia"],"_links":{"self":[{"href":"https:\/\/diarionews.com.br\/index.php?rest_route=\/wp\/v2\/posts\/14323","targetHints":{"allow":["GET"]}}],"collection":[{"href":"https:\/\/diarionews.com.br\/index.php?rest_route=\/wp\/v2\/posts"}],"about":[{"href":"https:\/\/diarionews.com.br\/index.php?rest_route=\/wp\/v2\/types\/post"}],"author":[{"embeddable":true,"href":"https:\/\/diarionews.com.br\/index.php?rest_route=\/wp\/v2\/users\/3"}],"replies":[{"embeddable":true,"href":"https:\/\/diarionews.com.br\/index.php?rest_route=%2Fwp%2Fv2%2Fcomments&post=14323"}],"version-history":[{"count":1,"href":"https:\/\/diarionews.com.br\/index.php?rest_route=\/wp\/v2\/posts\/14323\/revisions"}],"predecessor-version":[{"id":14324,"href":"https:\/\/diarionews.com.br\/index.php?rest_route=\/wp\/v2\/posts\/14323\/revisions\/14324"}],"wp:featuredmedia":[{"embeddable":true,"href":"https:\/\/diarionews.com.br\/index.php?rest_route=\/wp\/v2\/media\/6115"}],"wp:attachment":[{"href":"https:\/\/diarionews.com.br\/index.php?rest_route=%2Fwp%2Fv2%2Fmedia&parent=14323"}],"wp:term":[{"taxonomy":"category","embeddable":true,"href":"https:\/\/diarionews.com.br\/index.php?rest_route=%2Fwp%2Fv2%2Fcategories&post=14323"},{"taxonomy":"post_tag","embeddable":true,"href":"https:\/\/diarionews.com.br\/index.php?rest_route=%2Fwp%2Fv2%2Ftags&post=14323"}],"curies":[{"name":"wp","href":"https:\/\/api.w.org\/{rel}","templated":true}]}}