{"id":14321,"date":"2026-09-01T06:14:08","date_gmt":"2026-09-01T10:14:08","guid":{"rendered":"https:\/\/diarionews.com.br\/?p=14321"},"modified":"2026-09-01T06:14:10","modified_gmt":"2026-09-01T10:14:10","slug":"motociclista-e-passageira-ficam-feridos-em-acidente-em-alta-floresta","status":"publish","type":"post","link":"https:\/\/diarionews.com.br\/?p=14321","title":{"rendered":"Motociclista e passageira ficam feridos em acidente em Alta Floresta"},"content":{"rendered":"\n<p>Duas pessoas ficaram feridas ap\u00f3s um acidente envolvendo uma motocicleta e um autom\u00f3vel no cruzamento da Avenida Amazonas com a Perimetral Rog\u00e9rio Silva, em Alta Floresta. A ocorr\u00eancia foi registrada \u00e0s 18h40 de 31 de agosto e mobilizou equipes do Corpo de Bombeiros Militar e da Pol\u00edcia Militar.<\/p>\n\n\n\n<p>Segundo o registro do 8\u00ba Batalh\u00e3o de Pol\u00edcia Militar, a equipe foi acionada pelo telefone 190 ap\u00f3s um agente de tr\u00e2nsito informar sobre o sinistro com v\u00edtimas. Os dois ocupantes da motocicleta foram socorridos pelos bombeiros e encaminhados ao Pronto-Socorro do Hospital Regional de Alta Floresta.<\/p>\n\n\n\n<p>No hospital, a equipe policial foi informada de que a passageira da motocicleta precisaria ser encaminhada ao centro cir\u00fargico devido a uma fratura exposta na perna direita. O condutor da motocicleta tamb\u00e9m ficou ferido, com fraturas no punho esquerdo e no tornozelo direito.<\/p>\n\n\n\n<p>Conforme o relato do motociclista aos policiais, ele seguia pela Avenida Amazonas em dire\u00e7\u00e3o \u00e0 Perimetral Rog\u00e9rio Silva. Ao chegar ao cruzamento, teria parado e sinalizado para realizar uma convers\u00e3o \u00e0 esquerda, momento em que a motocicleta foi atingida lateralmente pelo autom\u00f3vel.<\/p>\n\n\n\n<p>A condutora do carro apresentou outra vers\u00e3o. Segundo o relato registrado pela Pol\u00edcia Militar, ela seguia pela Avenida Amazonas no sentido Cidade Alta e, ao cruzar a Perimetral Rog\u00e9rio Silva, n\u00e3o teria visualizado a motocicleta, ocorrendo a colis\u00e3o na lateral do ve\u00edculo.<\/p>\n\n\n\n<p>Diante das vers\u00f5es apresentadas pelos dois condutores, a Pol\u00edcia Militar confeccionou o Boletim de Acidente de Tr\u00e2nsito (BOAT), registrou a ocorr\u00eancia e encaminhou o caso \u00e0 Delegacia de Pol\u00edcia Civil para as provid\u00eancias cab\u00edveis. As circunst\u00e2ncias e a responsabilidade pela colis\u00e3o dever\u00e3o ser apuradas pelas autoridades.<\/p>\n","protected":false},"excerpt":{"rendered":"<p>Duas pessoas ficaram feridas ap\u00f3s um acidente envolvendo uma motocicleta e um autom\u00f3vel no cruzamento da Avenida Amazonas com a Perimetral Rog\u00e9rio Silva, em Alta Floresta. A ocorr\u00eancia foi registrada \u00e0s 18h40 de 31 de agosto e mobilizou equipes do Corpo de Bombeiros Militar e da Pol\u00edcia Militar. Segundo o registro do 8\u00ba Batalh\u00e3o de [&hellip;]<\/p>\n","protected":false},"author":3,"featured_media":11007,"comment_status":"open","ping_status":"open","sticky":false,"template":"","format":"standard","meta":{"footnotes":""},"categories":[14],"tags":[],"class_list":["post-14321","post","type-post","status-publish","format-standard","has-post-thumbnail","hentry","category-policia"],"_links":{"self":[{"href":"https:\/\/diarionews.com.br\/index.php?rest_route=\/wp\/v2\/posts\/14321","targetHints":{"allow":["GET"]}}],"collection":[{"href":"https:\/\/diarionews.com.br\/index.php?rest_route=\/wp\/v2\/posts"}],"about":[{"href":"https:\/\/diarionews.com.br\/index.php?rest_route=\/wp\/v2\/types\/post"}],"author":[{"embeddable":true,"href":"https:\/\/diarionews.com.br\/index.php?rest_route=\/wp\/v2\/users\/3"}],"replies":[{"embeddable":true,"href":"https:\/\/diarionews.com.br\/index.php?rest_route=%2Fwp%2Fv2%2Fcomments&post=14321"}],"version-history":[{"count":1,"href":"https:\/\/diarionews.com.br\/index.php?rest_route=\/wp\/v2\/posts\/14321\/revisions"}],"predecessor-version":[{"id":14322,"href":"https:\/\/diarionews.com.br\/index.php?rest_route=\/wp\/v2\/posts\/14321\/revisions\/14322"}],"wp:featuredmedia":[{"embeddable":true,"href":"https:\/\/diarionews.com.br\/index.php?rest_route=\/wp\/v2\/media\/11007"}],"wp:attachment":[{"href":"https:\/\/diarionews.com.br\/index.php?rest_route=%2Fwp%2Fv2%2Fmedia&parent=14321"}],"wp:term":[{"taxonomy":"category","embeddable":true,"href":"https:\/\/diarionews.com.br\/index.php?rest_route=%2Fwp%2Fv2%2Fcategories&post=14321"},{"taxonomy":"post_tag","embeddable":true,"href":"https:\/\/diarionews.com.br\/index.php?rest_route=%2Fwp%2Fv2%2Ftags&post=14321"}],"curies":[{"name":"wp","href":"https:\/\/api.w.org\/{rel}","templated":true}]}}