{"id":14319,"date":"2026-09-01T06:07:23","date_gmt":"2026-09-01T10:07:23","guid":{"rendered":"https:\/\/diarionews.com.br\/?p=14319"},"modified":"2026-09-01T06:07:25","modified_gmt":"2026-09-01T10:07:25","slug":"messi-encerra-ciclo-de-21-anos-e-se-despede-da-selecao-argentina","status":"publish","type":"post","link":"https:\/\/diarionews.com.br\/?p=14319","title":{"rendered":"Messi encerra ciclo de 21 anos e se despede da sele\u00e7\u00e3o argentina"},"content":{"rendered":"\n<p>Lionel Messi anunciou na segunda-feira (31) o fim de sua trajet\u00f3ria pela sele\u00e7\u00e3o argentina. Aos 39 anos, o camisa 10 confirmou a decis\u00e3o em uma mensagem publicada nas redes sociais e encerrou um ciclo de 21 anos com a equipe nacional. A despedida acontece semanas depois de a Argentina perder por 1 a 0 para a Espanha, na prorroga\u00e7\u00e3o, na final da Copa do Mundo de 2026.<\/p>\n\n\n\n<p>Messi estreou pela sele\u00e7\u00e3o principal em 2005 e construiu uma das trajet\u00f3rias mais vitoriosas da hist\u00f3ria do futebol argentino. Ao longo do per\u00edodo, disputou 207 partidas e marcou 125 gols, tornando-se o jogador com mais jogos e o maior artilheiro da hist\u00f3ria da equipe. A passagem tamb\u00e9m foi marcada pela conquista de quatro t\u00edtulos pela sele\u00e7\u00e3o principal.<\/p>\n\n\n\n<p>O primeiro grande t\u00edtulo de Messi com a equipe principal veio na Copa Am\u00e9rica de 2021. No ano seguinte, a Argentina conquistou a Final\u00edssima e a Copa do Mundo de 2022, no Catar. Em 2024, Messi voltou a levantar a Copa Am\u00e9rica. Antes disso, nas categorias de base, havia conquistado o Mundial Sub-20 de 2005 e a medalha de ouro nos Jogos Ol\u00edmpicos de Pequim, em 2008.<\/p>\n\n\n\n<p>A rela\u00e7\u00e3o de Messi com a sele\u00e7\u00e3o tamb\u00e9m teve momentos de frustra\u00e7\u00e3o. O atacante perdeu as finais da Copa do Mundo de 2014 e das Copas Am\u00e9rica de 2015 e 2016. Ap\u00f3s a derrota para o Chile na decis\u00e3o de 2016, chegou a anunciar sua aposentadoria da sele\u00e7\u00e3o, mas voltou atr\u00e1s e permaneceu na equipe para construir a fase mais vitoriosa de sua carreira internacional.<\/p>\n\n\n\n<p>A decis\u00e3o definitiva veio ap\u00f3s a Copa do Mundo de 2026. Messi chegou novamente \u00e0 final com a Argentina, mas a equipe foi derrotada pela Espanha por 1 a 0 na prorroga\u00e7\u00e3o. Segundo as informa\u00e7\u00f5es divulgadas sobre a despedida, o jogador j\u00e1 havia escrito sua mensagem de adeus em 21 de julho, dois dias depois da decis\u00e3o, e posteriormente confirmou que estava convencido de que era o momento certo para deixar a sele\u00e7\u00e3o.<\/p>\n\n\n\n<p>Messi encerra sua passagem pela Argentina como campe\u00e3o mundial, bicampe\u00e3o da Copa Am\u00e9rica e dono de recordes hist\u00f3ricos pela equipe. Apesar da sa\u00edda da sele\u00e7\u00e3o, ele continua sua carreira em clubes. O fim do ciclo internacional representa uma das maiores mudan\u00e7as do futebol argentino ap\u00f3s mais de duas d\u00e9cadas com o principal jogador do pa\u00eds como refer\u00eancia da equipe.<\/p>\n\n\n\n<p><\/p>\n","protected":false},"excerpt":{"rendered":"<p>Lionel Messi anunciou na segunda-feira (31) o fim de sua trajet\u00f3ria pela sele\u00e7\u00e3o argentina. Aos 39 anos, o camisa 10 confirmou a decis\u00e3o em uma mensagem publicada nas redes sociais e encerrou um ciclo de 21 anos com a equipe nacional. A despedida acontece semanas depois de a Argentina perder por 1 a 0 para [&hellip;]<\/p>\n","protected":false},"author":3,"featured_media":11407,"comment_status":"open","ping_status":"open","sticky":false,"template":"","format":"standard","meta":{"footnotes":""},"categories":[13],"tags":[],"class_list":["post-14319","post","type-post","status-publish","format-standard","has-post-thumbnail","hentry","category-esportes"],"_links":{"self":[{"href":"https:\/\/diarionews.com.br\/index.php?rest_route=\/wp\/v2\/posts\/14319","targetHints":{"allow":["GET"]}}],"collection":[{"href":"https:\/\/diarionews.com.br\/index.php?rest_route=\/wp\/v2\/posts"}],"about":[{"href":"https:\/\/diarionews.com.br\/index.php?rest_route=\/wp\/v2\/types\/post"}],"author":[{"embeddable":true,"href":"https:\/\/diarionews.com.br\/index.php?rest_route=\/wp\/v2\/users\/3"}],"replies":[{"embeddable":true,"href":"https:\/\/diarionews.com.br\/index.php?rest_route=%2Fwp%2Fv2%2Fcomments&post=14319"}],"version-history":[{"count":1,"href":"https:\/\/diarionews.com.br\/index.php?rest_route=\/wp\/v2\/posts\/14319\/revisions"}],"predecessor-version":[{"id":14320,"href":"https:\/\/diarionews.com.br\/index.php?rest_route=\/wp\/v2\/posts\/14319\/revisions\/14320"}],"wp:featuredmedia":[{"embeddable":true,"href":"https:\/\/diarionews.com.br\/index.php?rest_route=\/wp\/v2\/media\/11407"}],"wp:attachment":[{"href":"https:\/\/diarionews.com.br\/index.php?rest_route=%2Fwp%2Fv2%2Fmedia&parent=14319"}],"wp:term":[{"taxonomy":"category","embeddable":true,"href":"https:\/\/diarionews.com.br\/index.php?rest_route=%2Fwp%2Fv2%2Fcategories&post=14319"},{"taxonomy":"post_tag","embeddable":true,"href":"https:\/\/diarionews.com.br\/index.php?rest_route=%2Fwp%2Fv2%2Ftags&post=14319"}],"curies":[{"name":"wp","href":"https:\/\/api.w.org\/{rel}","templated":true}]}}