{"id":14312,"date":"2026-09-01T08:47:00","date_gmt":"2026-09-01T12:47:00","guid":{"rendered":"https:\/\/diarionews.com.br\/?p=14312"},"modified":"2026-09-01T05:50:31","modified_gmt":"2026-09-01T09:50:31","slug":"motorista-morre-apos-invadir-pista-e-bater-em-carreta-na-br-163","status":"publish","type":"post","link":"https:\/\/diarionews.com.br\/?p=14312","title":{"rendered":"Motorista morre ap\u00f3s invadir pista e bater em carreta na BR-163"},"content":{"rendered":"\n<p>Francisco Chagas, de 42 anos, morreu ap\u00f3s um grave acidente envolvendo uma Fiat Strada e uma carreta na BR-163, em Vera, a 459 quil\u00f4metros de Cuiab\u00e1. A ocorr\u00eancia foi registrada no domingo (30), no km 793 da rodovia, quando o ve\u00edculo conduzido pela v\u00edtima perdeu o controle, invadiu a pista contr\u00e1ria e bateu contra uma carreta Scania 440.<\/p>\n\n\n<div class=\"wp-block-image\">\n<figure class=\"alignright size-full is-resized\"><img loading=\"lazy\" decoding=\"async\" width=\"593\" height=\"517\" src=\"https:\/\/diarionews.com.br\/wp-content\/uploads\/2026\/09\/Francisco-Chagas-acidente-163.jpg\" alt=\"\" class=\"wp-image-14314\" style=\"width:455px;height:auto\" srcset=\"https:\/\/diarionews.com.br\/wp-content\/uploads\/2026\/09\/Francisco-Chagas-acidente-163.jpg 593w, https:\/\/diarionews.com.br\/wp-content\/uploads\/2026\/09\/Francisco-Chagas-acidente-163-300x262.jpg 300w, https:\/\/diarionews.com.br\/wp-content\/uploads\/2026\/09\/Francisco-Chagas-acidente-163-482x420.jpg 482w, https:\/\/diarionews.com.br\/wp-content\/uploads\/2026\/09\/Francisco-Chagas-acidente-163-150x131.jpg 150w\" sizes=\"auto, (max-width: 593px) 100vw, 593px\" \/><\/figure><\/div>\n\n\n<p>De acordo com as informa\u00e7\u00f5es da concession\u00e1ria Nova Rota do Oeste, o acidente aconteceu durante a noite. Ap\u00f3s a colis\u00e3o, a Fiat Strada saiu da pista e capotou. Francisco n\u00e3o resistiu aos ferimentos e morreu ainda no local. Uma segunda pessoa que estava no ve\u00edculo ficou ferida e precisou ser socorrida pelas equipes de atendimento.<\/p>\n\n\n\n<p>O passageiro foi encaminhado ao Hospital Regional de Sorriso para receber atendimento m\u00e9dico. O motorista da carreta envolvida na colis\u00e3o n\u00e3o sofreu ferimentos e recusou atendimento m\u00e9dico. A identidade da segunda v\u00edtima e informa\u00e7\u00f5es atualizadas sobre seu estado de sa\u00fade n\u00e3o foram divulgadas.<\/p>\n\n\n\n<p>Equipes da Nova Rota do Oeste atuaram no atendimento da ocorr\u00eancia, enquanto a Per\u00edcia Oficial e Identifica\u00e7\u00e3o T\u00e9cnica realizou os procedimentos necess\u00e1rios no local. Durante o trabalho das equipes, o tr\u00e1fego ficou parcialmente interditado e foi totalmente liberado por volta de 0h08, ap\u00f3s a remo\u00e7\u00e3o dos ve\u00edculos.<\/p>\n\n\n\n<p>As circunst\u00e2ncias do acidente dever\u00e3o ser apuradas pelas autoridades. As informa\u00e7\u00f5es iniciais indicam que Francisco perdeu o controle da dire\u00e7\u00e3o e invadiu a pista contr\u00e1ria, mas a din\u00e2mica definitiva da colis\u00e3o depende da investiga\u00e7\u00e3o e dos procedimentos periciais realizados ap\u00f3s o acidente.<\/p>\n","protected":false},"excerpt":{"rendered":"<p>Francisco Chagas, de 42 anos, morreu ap\u00f3s um grave acidente envolvendo uma Fiat Strada e uma carreta na BR-163, em Vera, a 459 quil\u00f4metros de Cuiab\u00e1. A ocorr\u00eancia foi registrada no domingo (30), no km 793 da rodovia, quando o ve\u00edculo conduzido pela v\u00edtima perdeu o controle, invadiu a pista contr\u00e1ria e bateu contra uma [&hellip;]<\/p>\n","protected":false},"author":3,"featured_media":14313,"comment_status":"open","ping_status":"open","sticky":false,"template":"","format":"standard","meta":{"footnotes":""},"categories":[14,21],"tags":[956],"class_list":["post-14312","post","type-post","status-publish","format-standard","has-post-thumbnail","hentry","category-policia","category-regiao","tag-importante"],"_links":{"self":[{"href":"https:\/\/diarionews.com.br\/index.php?rest_route=\/wp\/v2\/posts\/14312","targetHints":{"allow":["GET"]}}],"collection":[{"href":"https:\/\/diarionews.com.br\/index.php?rest_route=\/wp\/v2\/posts"}],"about":[{"href":"https:\/\/diarionews.com.br\/index.php?rest_route=\/wp\/v2\/types\/post"}],"author":[{"embeddable":true,"href":"https:\/\/diarionews.com.br\/index.php?rest_route=\/wp\/v2\/users\/3"}],"replies":[{"embeddable":true,"href":"https:\/\/diarionews.com.br\/index.php?rest_route=%2Fwp%2Fv2%2Fcomments&post=14312"}],"version-history":[{"count":1,"href":"https:\/\/diarionews.com.br\/index.php?rest_route=\/wp\/v2\/posts\/14312\/revisions"}],"predecessor-version":[{"id":14315,"href":"https:\/\/diarionews.com.br\/index.php?rest_route=\/wp\/v2\/posts\/14312\/revisions\/14315"}],"wp:featuredmedia":[{"embeddable":true,"href":"https:\/\/diarionews.com.br\/index.php?rest_route=\/wp\/v2\/media\/14313"}],"wp:attachment":[{"href":"https:\/\/diarionews.com.br\/index.php?rest_route=%2Fwp%2Fv2%2Fmedia&parent=14312"}],"wp:term":[{"taxonomy":"category","embeddable":true,"href":"https:\/\/diarionews.com.br\/index.php?rest_route=%2Fwp%2Fv2%2Fcategories&post=14312"},{"taxonomy":"post_tag","embeddable":true,"href":"https:\/\/diarionews.com.br\/index.php?rest_route=%2Fwp%2Fv2%2Ftags&post=14312"}],"curies":[{"name":"wp","href":"https:\/\/api.w.org\/{rel}","templated":true}]}}