{"id":14308,"date":"2026-09-01T07:35:00","date_gmt":"2026-09-01T11:35:00","guid":{"rendered":"https:\/\/diarionews.com.br\/?p=14308"},"modified":"2026-09-01T05:43:48","modified_gmt":"2026-09-01T09:43:48","slug":"cuiaba-bate-novo-recorde-de-calor-e-chega-a-413c","status":"publish","type":"post","link":"https:\/\/diarionews.com.br\/?p=14308","title":{"rendered":"Cuiab\u00e1 bate novo recorde de calor e chega a 41,3\u00b0C"},"content":{"rendered":"\n<p>Cuiab\u00e1 registrou 41,3\u00b0C nesta segunda-feira (31) e estabeleceu um novo recorde de temperatura m\u00e1xima em 2026. A marca foi registrada pelo Instituto Nacional de Meteorologia (Inmet) e superou os 41,2\u00b0C alcan\u00e7ados pela capital de Mato Grosso no domingo (30).<\/p>\n\n\n\n<p>O calor extremo atingiu diversas cidades de Mato Grosso no encerramento de agosto. Rondon\u00f3polis registrou 42,3\u00b0C na segunda-feira (31), a maior temperatura observada no Brasil em 2026 at\u00e9 o momento. Nova Xavantina, que havia assumido essa posi\u00e7\u00e3o no domingo, chegou a 41,7\u00b0C.<\/p>\n\n\n\n<p>Em Cuiab\u00e1, o recorde anterior do ano era de 40,3\u00b0C, registrado em 25 de agosto. A capital voltou a superar os 41\u00b0C em um per\u00edodo marcado por temperaturas elevadas e baixa umidade do ar no Centro-Oeste. Outras capitais da regi\u00e3o tamb\u00e9m tiveram recordes: Bras\u00edlia chegou a 33,6\u00b0C, maior temperatura registrada em um dia de agosto desde o in\u00edcio das medi\u00e7\u00f5es do Inmet, em 1962, enquanto Goi\u00e2nia atingiu 39\u00b0C.<\/p>\n\n\n\n<p>A situa\u00e7\u00e3o tamb\u00e9m foi acompanhada por condi\u00e7\u00f5es de tempo seco em Mato Grosso. Segundo dados divulgados com base no Inmet, grande parte do estado enfrentou baixos \u00edndices de umidade, aumentando os riscos associados ao calor intenso e \u00e0 ocorr\u00eancia de inc\u00eandios florestais.<\/p>\n\n\n\n<p>Para o in\u00edcio de setembro, a tend\u00eancia \u00e9 de mudan\u00e7a nas condi\u00e7\u00f5es do tempo em parte de Mato Grosso. A previs\u00e3o indica a chegada de uma frente fria e possibilidade de chuva e tempestades em algumas regi\u00f5es, com queda nas temperaturas. Apesar do al\u00edvio, a expectativa \u00e9 de que o estado continue registrando temperaturas elevadas e acima da m\u00e9dia em boa parte do m\u00eas.<\/p>\n\n\n\n<p><\/p>\n","protected":false},"excerpt":{"rendered":"<p>Cuiab\u00e1 registrou 41,3\u00b0C nesta segunda-feira (31) e estabeleceu um novo recorde de temperatura m\u00e1xima em 2026. A marca foi registrada pelo Instituto Nacional de Meteorologia (Inmet) e superou os 41,2\u00b0C alcan\u00e7ados pela capital de Mato Grosso no domingo (30). O calor extremo atingiu diversas cidades de Mato Grosso no encerramento de agosto. Rondon\u00f3polis registrou 42,3\u00b0C [&hellip;]<\/p>\n","protected":false},"author":3,"featured_media":13161,"comment_status":"open","ping_status":"open","sticky":false,"template":"","format":"standard","meta":{"footnotes":""},"categories":[12],"tags":[956],"class_list":["post-14308","post","type-post","status-publish","format-standard","has-post-thumbnail","hentry","category-nacionais","tag-importante"],"_links":{"self":[{"href":"https:\/\/diarionews.com.br\/index.php?rest_route=\/wp\/v2\/posts\/14308","targetHints":{"allow":["GET"]}}],"collection":[{"href":"https:\/\/diarionews.com.br\/index.php?rest_route=\/wp\/v2\/posts"}],"about":[{"href":"https:\/\/diarionews.com.br\/index.php?rest_route=\/wp\/v2\/types\/post"}],"author":[{"embeddable":true,"href":"https:\/\/diarionews.com.br\/index.php?rest_route=\/wp\/v2\/users\/3"}],"replies":[{"embeddable":true,"href":"https:\/\/diarionews.com.br\/index.php?rest_route=%2Fwp%2Fv2%2Fcomments&post=14308"}],"version-history":[{"count":1,"href":"https:\/\/diarionews.com.br\/index.php?rest_route=\/wp\/v2\/posts\/14308\/revisions"}],"predecessor-version":[{"id":14309,"href":"https:\/\/diarionews.com.br\/index.php?rest_route=\/wp\/v2\/posts\/14308\/revisions\/14309"}],"wp:featuredmedia":[{"embeddable":true,"href":"https:\/\/diarionews.com.br\/index.php?rest_route=\/wp\/v2\/media\/13161"}],"wp:attachment":[{"href":"https:\/\/diarionews.com.br\/index.php?rest_route=%2Fwp%2Fv2%2Fmedia&parent=14308"}],"wp:term":[{"taxonomy":"category","embeddable":true,"href":"https:\/\/diarionews.com.br\/index.php?rest_route=%2Fwp%2Fv2%2Fcategories&post=14308"},{"taxonomy":"post_tag","embeddable":true,"href":"https:\/\/diarionews.com.br\/index.php?rest_route=%2Fwp%2Fv2%2Ftags&post=14308"}],"curies":[{"name":"wp","href":"https:\/\/api.w.org\/{rel}","templated":true}]}}