{"id":14299,"date":"2026-08-31T06:30:00","date_gmt":"2026-08-31T10:30:00","guid":{"rendered":"https:\/\/diarionews.com.br\/?p=14299"},"modified":"2026-09-01T05:22:06","modified_gmt":"2026-09-01T09:22:06","slug":"bombeiros-combatem-incendios-em-vegetacao-e-no-aterro-de-alta-floresta","status":"publish","type":"post","link":"https:\/\/diarionews.com.br\/?p=14299","title":{"rendered":"Bombeiros combatem inc\u00eandios em vegeta\u00e7\u00e3o e no aterro de Alta Floresta"},"content":{"rendered":"\n<p>O Corpo de Bombeiros Militar de Mato Grosso, por meio da 7\u00aa Companhia Independente de Bombeiros Militar (7\u00aa CIBM), atendeu a pelo menos duas ocorr\u00eancias de inc\u00eandio em Alta Floresta entre s\u00e1bado (29) e domingo (30) de agosto de 2026. Os registros envolveram um inc\u00eandio no Aterro Sanit\u00e1rio, \u00e0s margens da MT-208, e focos de fogo em uma \u00e1rea de vegeta\u00e7\u00e3o no bairro Eldorado, pr\u00f3ximo ao loteamento Buritis.<\/p>\n\n\n\n<p>A primeira ocorr\u00eancia foi registrada \u00e0s 15h38 de s\u00e1bado (29), no Aterro Sanit\u00e1rio de Alta Floresta. \u00c0s 15h43, a Brigada Municipal recebeu o chamado sobre fogo no lixo e deslocou uma equipe at\u00e9 o local. Os brigadistas identificaram que as chamas estavam concentradas no cume do monte de res\u00edduos e iniciaram o combate utilizando o canh\u00e3o de \u00e1gua.<\/p>\n\n\n\n<p>Ap\u00f3s a primeira etapa do combate, uma retroescavadeira foi utilizada para movimentar o lixo e auxiliar na extin\u00e7\u00e3o das chamas. Depois que o fogo foi controlado, a equipe permaneceu no aterro realizando o monitoramento e o resfriamento da \u00e1rea, com o objetivo de impedir que as chamas atingissem outras partes do local. Uma vistoria final foi realizada antes da sa\u00edda, sem identifica\u00e7\u00e3o de novos focos ou risco de reigni\u00e7\u00e3o. A ocorr\u00eancia foi encerrada com o inc\u00eandio controlado e a \u00e1rea devidamente resfriada.<\/p>\n\n\n\n<p>Mais tarde, \u00e0s 16h34, a 7\u00aa CIBM foi acionada para combater um inc\u00eandio em vegeta\u00e7\u00e3o no bairro Eldorado, nas proximidades do loteamento Buritis. No local, os bombeiros constataram que a regi\u00e3o ainda n\u00e3o possui edifica\u00e7\u00f5es residenciais e est\u00e1 em fase de constru\u00e7\u00e3o. Foram identificados focos de inc\u00eandio distribu\u00eddos por tr\u00eas quarteir\u00f5es.<\/p>\n\n\n\n<p>Enquanto a guarni\u00e7\u00e3o realizava o reconhecimento da \u00e1rea e avaliava a estrat\u00e9gia de combate, uma pessoa abordou os bombeiros e relatou ter visto dois adolescentes ateando fogo na vegeta\u00e7\u00e3o pr\u00f3xima a uma \u00e1rea de pastagem. Segundo o relato, ao tentar abord\u00e1-los, os dois indiv\u00edduos fugiram e entraram em uma \u00e1rea de mata. Diante da informa\u00e7\u00e3o, a equipe deslocou-se at\u00e9 o ponto indicado e encontrou um foco de inc\u00eandio em uma \u00e1rea de vegeta\u00e7\u00e3o pr\u00f3xima \u00e0 pastagem, dentro de uma \u00c1rea de Preserva\u00e7\u00e3o Permanente (APP).<\/p>\n\n\n\n<p>Para combater as chamas na regi\u00e3o da pastagem, os bombeiros utilizaram o canh\u00e3o da viatura ABTS 625 e dois sopradores. Na sequ\u00eancia, a guarni\u00e7\u00e3o retornou aos focos existentes nos quarteir\u00f5es pr\u00f3ximos \u00e0s \u00e1reas residenciais e utilizou novamente dois sopradores para eliminar as chamas e impedir a propaga\u00e7\u00e3o do fogo.<\/p>\n\n\n\n<p>Durante o atendimento, os bombeiros constataram ainda que dois pontos de fornecimento de \u00e1gua haviam sido rompidos em decorr\u00eancia da a\u00e7\u00e3o do fogo. A situa\u00e7\u00e3o foi comunicada aos funcion\u00e1rios da concession\u00e1ria de abastecimento de \u00e1gua que estavam nas proximidades, para que fossem adotadas as provid\u00eancias necess\u00e1rias.<\/p>\n\n\n\n<p>Ap\u00f3s a extin\u00e7\u00e3o dos focos e o controle da propaga\u00e7\u00e3o, a guarni\u00e7\u00e3o encerrou a ocorr\u00eancia e retornou \u00e0 base sem altera\u00e7\u00f5es.<\/p>\n\n\n\n<p><\/p>\n","protected":false},"excerpt":{"rendered":"<p>O Corpo de Bombeiros Militar de Mato Grosso, por meio da 7\u00aa Companhia Independente de Bombeiros Militar (7\u00aa CIBM), atendeu a pelo menos duas ocorr\u00eancias de inc\u00eandio em Alta Floresta entre s\u00e1bado (29) e domingo (30) de agosto de 2026. Os registros envolveram um inc\u00eandio no Aterro Sanit\u00e1rio, \u00e0s margens da MT-208, e focos de [&hellip;]<\/p>\n","protected":false},"author":1,"featured_media":13915,"comment_status":"open","ping_status":"open","sticky":false,"template":"","format":"standard","meta":{"footnotes":""},"categories":[6,22],"tags":[956],"class_list":["post-14299","post","type-post","status-publish","format-standard","has-post-thumbnail","hentry","category-local","category-meio-ambiente","tag-importante"],"_links":{"self":[{"href":"https:\/\/diarionews.com.br\/index.php?rest_route=\/wp\/v2\/posts\/14299","targetHints":{"allow":["GET"]}}],"collection":[{"href":"https:\/\/diarionews.com.br\/index.php?rest_route=\/wp\/v2\/posts"}],"about":[{"href":"https:\/\/diarionews.com.br\/index.php?rest_route=\/wp\/v2\/types\/post"}],"author":[{"embeddable":true,"href":"https:\/\/diarionews.com.br\/index.php?rest_route=\/wp\/v2\/users\/1"}],"replies":[{"embeddable":true,"href":"https:\/\/diarionews.com.br\/index.php?rest_route=%2Fwp%2Fv2%2Fcomments&post=14299"}],"version-history":[{"count":1,"href":"https:\/\/diarionews.com.br\/index.php?rest_route=\/wp\/v2\/posts\/14299\/revisions"}],"predecessor-version":[{"id":14300,"href":"https:\/\/diarionews.com.br\/index.php?rest_route=\/wp\/v2\/posts\/14299\/revisions\/14300"}],"wp:featuredmedia":[{"embeddable":true,"href":"https:\/\/diarionews.com.br\/index.php?rest_route=\/wp\/v2\/media\/13915"}],"wp:attachment":[{"href":"https:\/\/diarionews.com.br\/index.php?rest_route=%2Fwp%2Fv2%2Fmedia&parent=14299"}],"wp:term":[{"taxonomy":"category","embeddable":true,"href":"https:\/\/diarionews.com.br\/index.php?rest_route=%2Fwp%2Fv2%2Fcategories&post=14299"},{"taxonomy":"post_tag","embeddable":true,"href":"https:\/\/diarionews.com.br\/index.php?rest_route=%2Fwp%2Fv2%2Ftags&post=14299"}],"curies":[{"name":"wp","href":"https:\/\/api.w.org\/{rel}","templated":true}]}}