{"id":14281,"date":"2026-08-31T11:35:00","date_gmt":"2026-08-31T15:35:00","guid":{"rendered":"https:\/\/diarionews.com.br\/?p=14281"},"modified":"2026-08-31T05:36:15","modified_gmt":"2026-08-31T09:36:15","slug":"governo-sanciona-lei-que-permite-reduzir-tributos-sobre-combustiveis","status":"publish","type":"post","link":"https:\/\/diarionews.com.br\/?p=14281","title":{"rendered":"Governo sanciona lei que permite reduzir tributos sobre combust\u00edveis"},"content":{"rendered":"\n<p>A presid\u00eancia da Rep\u00fablica sancionou a Lei Complementar n\u00ba 235, de 27 de agosto de 2026 que estabelece regras para a redu\u00e7\u00e3o de al\u00edquotas de tributos federais sobre a importa\u00e7\u00e3o, a produ\u00e7\u00e3o e a comercializa\u00e7\u00e3o dos principais combust\u00edveis. O texto foi aprovado no in\u00edcio do m\u00eas pelo Senado, ap\u00f3s ter passado pela C\u00e2mara dos Deputados.<\/p>\n\n\n\n<p>A concess\u00e3o de ren\u00fancias de receita visa diminuir os impactos econ\u00f4micos no mercado internacional de energia decorrentes do conflito no Oriente M\u00e9dio. A nova lei foi publicada no Di\u00e1rio Oficial da Uni\u00e3o desta sexta-feira (28).<\/p>\n\n\n\n<p>O texto permite que eventual redu\u00e7\u00e3o de tributos incidentes sobre combust\u00edveis seja compensada por receitas extraordin\u00e1rias obtidas pela Uni\u00e3o em raz\u00e3o da valoriza\u00e7\u00e3o do petr\u00f3leo no mercado internacional.<\/p>\n\n\n\n<p>Al\u00e9m da quest\u00e3o dos combust\u00edveis, a lei cria condi\u00e7\u00f5es para benef\u00edcios tribut\u00e1rios destinados \u00e0 Pol\u00edtica Nacional de Minerais Cr\u00edticos e Estrat\u00e9gicos e ao Programa de Desenvolvimento da Ind\u00fastria de Fertilizantes, estimulando setores considerados estrat\u00e9gicos para o pa\u00eds.<\/p>\n\n\n\n<p>H\u00e1 tamb\u00e9m a previs\u00e3o de um tratamento tribut\u00e1rio espec\u00edfico para iniciativas ligadas \u00e0 realiza\u00e7\u00e3o da Copa do Mundo Feminina de 2027.<\/p>\n\n\n\n<p><a href=\"https:\/\/cidadaoconsumidor.com.br\/cuiaba-e-vg-podem-ter-comercio-aberto-no-feriado-de-corpus-christi\/\" target=\"_blank\" rel=\"noopener\"><\/a><\/p>\n","protected":false},"excerpt":{"rendered":"<p>A presid\u00eancia da Rep\u00fablica sancionou a Lei Complementar n\u00ba 235, de 27 de agosto de 2026 que estabelece regras para a redu\u00e7\u00e3o de al\u00edquotas de tributos federais sobre a importa\u00e7\u00e3o, a produ\u00e7\u00e3o e a comercializa\u00e7\u00e3o dos principais combust\u00edveis. O texto foi aprovado no in\u00edcio do m\u00eas pelo Senado, ap\u00f3s ter passado pela C\u00e2mara dos Deputados. [&hellip;]<\/p>\n","protected":false},"author":1,"featured_media":14282,"comment_status":"open","ping_status":"open","sticky":false,"template":"","format":"standard","meta":{"footnotes":""},"categories":[20],"tags":[956],"class_list":["post-14281","post","type-post","status-publish","format-standard","has-post-thumbnail","hentry","category-economia","tag-importante"],"_links":{"self":[{"href":"https:\/\/diarionews.com.br\/index.php?rest_route=\/wp\/v2\/posts\/14281","targetHints":{"allow":["GET"]}}],"collection":[{"href":"https:\/\/diarionews.com.br\/index.php?rest_route=\/wp\/v2\/posts"}],"about":[{"href":"https:\/\/diarionews.com.br\/index.php?rest_route=\/wp\/v2\/types\/post"}],"author":[{"embeddable":true,"href":"https:\/\/diarionews.com.br\/index.php?rest_route=\/wp\/v2\/users\/1"}],"replies":[{"embeddable":true,"href":"https:\/\/diarionews.com.br\/index.php?rest_route=%2Fwp%2Fv2%2Fcomments&post=14281"}],"version-history":[{"count":1,"href":"https:\/\/diarionews.com.br\/index.php?rest_route=\/wp\/v2\/posts\/14281\/revisions"}],"predecessor-version":[{"id":14283,"href":"https:\/\/diarionews.com.br\/index.php?rest_route=\/wp\/v2\/posts\/14281\/revisions\/14283"}],"wp:featuredmedia":[{"embeddable":true,"href":"https:\/\/diarionews.com.br\/index.php?rest_route=\/wp\/v2\/media\/14282"}],"wp:attachment":[{"href":"https:\/\/diarionews.com.br\/index.php?rest_route=%2Fwp%2Fv2%2Fmedia&parent=14281"}],"wp:term":[{"taxonomy":"category","embeddable":true,"href":"https:\/\/diarionews.com.br\/index.php?rest_route=%2Fwp%2Fv2%2Fcategories&post=14281"},{"taxonomy":"post_tag","embeddable":true,"href":"https:\/\/diarionews.com.br\/index.php?rest_route=%2Fwp%2Fv2%2Ftags&post=14281"}],"curies":[{"name":"wp","href":"https:\/\/api.w.org\/{rel}","templated":true}]}}