{"id":14275,"date":"2026-08-31T05:23:50","date_gmt":"2026-08-31T09:23:50","guid":{"rendered":"https:\/\/diarionews.com.br\/?p=14275"},"modified":"2026-08-31T05:23:53","modified_gmt":"2026-08-31T09:23:53","slug":"escolas-tem-ate-8-de-setembro-para-escolher-livros-de-2027","status":"publish","type":"post","link":"https:\/\/diarionews.com.br\/?p=14275","title":{"rendered":"Escolas t\u00eam at\u00e9 8 de setembro para escolher livros de 2027"},"content":{"rendered":"\n<p>As escolas p\u00fablicas de todo o pa\u00eds t\u00eam at\u00e9 8 de setembro de 2026 para escolher os livros did\u00e1ticos, pedag\u00f3gicos e liter\u00e1rios que ser\u00e3o utilizados pelos estudantes do 1\u00ba ao 5\u00ba ano do ensino fundamental durante o ciclo 2027-2030. O processo faz parte do Programa Nacional do Livro e do Material Did\u00e1tico (PNLD) e come\u00e7ou em 24 de agosto. A sele\u00e7\u00e3o deve ser registrada no sistema PNLD Gest\u00e3o, por meio da plataforma Gov.br.<\/p>\n\n\n\n<p>Professores dos anos iniciais, coordenadores e gestores escolares devem analisar as obras dispon\u00edveis e definir os materiais que estejam mais alinhados \u00e0 proposta pedag\u00f3gica da escola, aos objetivos de aprendizagem e \u00e0s caracter\u00edsticas e necessidades da comunidade escolar. De acordo com o Fundo Nacional de Desenvolvimento da Educa\u00e7\u00e3o (FNDE), a escolha deve ser realizada de forma conjunta pelo corpo docente e pelo dirigente da unidade de ensino.<\/p>\n\n\n\n<p>Os materiais est\u00e3o organizados em tr\u00eas categorias. Para os estudantes do 1\u00ba e 2\u00ba anos, a primeira categoria inclui obras de L\u00edngua Portuguesa, Arte, Educa\u00e7\u00e3o F\u00edsica, Matem\u00e1tica, Ci\u00eancias da Natureza, Hist\u00f3ria e Geografia em uma obra interdisciplinar, al\u00e9m de Educa\u00e7\u00e3o Digital e Midi\u00e1tica. Para os alunos do 3\u00ba ao 5\u00ba ano, a segunda categoria contempla L\u00edngua Portuguesa, Arte, Educa\u00e7\u00e3o F\u00edsica, Matem\u00e1tica, Ci\u00eancias da Natureza, Hist\u00f3ria, Geografia, Hist\u00f3ria e Geografia regionalizadas, Produ\u00e7\u00e3o de Texto e Educa\u00e7\u00e3o Digital e Midi\u00e1tica.<\/p>\n\n\n\n<p>H\u00e1 ainda uma terceira categoria, de escolha optativa, destinada aos estudantes do 1\u00ba ao 5\u00ba ano e voltada para livros de L\u00edngua Inglesa e L\u00edngua Espanhola. O FNDE informa que os livros de Educa\u00e7\u00e3o F\u00edsica das categorias 1 e 2 s\u00e3o destinados exclusivamente aos professores. Os materiais tamb\u00e9m possuem regras diferentes de reutiliza\u00e7\u00e3o: enquanto algumas obras permanecem com os estudantes, outras devem ser devolvidas \u00e0s escolas ao final do ano letivo.<\/p>\n\n\n\n<p>Podem participar do processo as escolas p\u00fablicas que tenham ades\u00e3o ao PNLD para essa etapa e que tenham estudantes registrados no Censo Escolar de 2025. A distribui\u00e7\u00e3o dos materiais selecionados \u00e9 gratuita para as escolas p\u00fablicas de todo o pa\u00eds. O Guia Digital do PNLD \u00e9 o principal instrumento oficial para consulta das obras disponibilizadas \u00e0s unidades de ensino.<\/p>\n\n\n\n<p>O prazo de 8 de setembro \u00e9, portanto, a data limite para que as escolas aptas concluam o registro da escolha no sistema PNLD Gest\u00e3o. Ap\u00f3s essa etapa, o processo seguir\u00e1 o cronograma do PNLD Anos Iniciais 2027-2030, que prev\u00ea a distribui\u00e7\u00e3o dos materiais para utiliza\u00e7\u00e3o durante o novo ciclo. At\u00e9 esta segunda-feira (31), n\u00e3o havia indica\u00e7\u00e3o oficial de altera\u00e7\u00e3o do prazo divulgado pelo MEC e pelo FNDE.<\/p>\n","protected":false},"excerpt":{"rendered":"<p>As escolas p\u00fablicas de todo o pa\u00eds t\u00eam at\u00e9 8 de setembro de 2026 para escolher os livros did\u00e1ticos, pedag\u00f3gicos e liter\u00e1rios que ser\u00e3o utilizados pelos estudantes do 1\u00ba ao 5\u00ba ano do ensino fundamental durante o ciclo 2027-2030. O processo faz parte do Programa Nacional do Livro e do Material Did\u00e1tico (PNLD) e come\u00e7ou [&hellip;]<\/p>\n","protected":false},"author":1,"featured_media":14276,"comment_status":"open","ping_status":"open","sticky":false,"template":"","format":"standard","meta":{"footnotes":""},"categories":[9],"tags":[],"class_list":["post-14275","post","type-post","status-publish","format-standard","has-post-thumbnail","hentry","category-educacao"],"_links":{"self":[{"href":"https:\/\/diarionews.com.br\/index.php?rest_route=\/wp\/v2\/posts\/14275","targetHints":{"allow":["GET"]}}],"collection":[{"href":"https:\/\/diarionews.com.br\/index.php?rest_route=\/wp\/v2\/posts"}],"about":[{"href":"https:\/\/diarionews.com.br\/index.php?rest_route=\/wp\/v2\/types\/post"}],"author":[{"embeddable":true,"href":"https:\/\/diarionews.com.br\/index.php?rest_route=\/wp\/v2\/users\/1"}],"replies":[{"embeddable":true,"href":"https:\/\/diarionews.com.br\/index.php?rest_route=%2Fwp%2Fv2%2Fcomments&post=14275"}],"version-history":[{"count":1,"href":"https:\/\/diarionews.com.br\/index.php?rest_route=\/wp\/v2\/posts\/14275\/revisions"}],"predecessor-version":[{"id":14277,"href":"https:\/\/diarionews.com.br\/index.php?rest_route=\/wp\/v2\/posts\/14275\/revisions\/14277"}],"wp:featuredmedia":[{"embeddable":true,"href":"https:\/\/diarionews.com.br\/index.php?rest_route=\/wp\/v2\/media\/14276"}],"wp:attachment":[{"href":"https:\/\/diarionews.com.br\/index.php?rest_route=%2Fwp%2Fv2%2Fmedia&parent=14275"}],"wp:term":[{"taxonomy":"category","embeddable":true,"href":"https:\/\/diarionews.com.br\/index.php?rest_route=%2Fwp%2Fv2%2Fcategories&post=14275"},{"taxonomy":"post_tag","embeddable":true,"href":"https:\/\/diarionews.com.br\/index.php?rest_route=%2Fwp%2Fv2%2Ftags&post=14275"}],"curies":[{"name":"wp","href":"https:\/\/api.w.org\/{rel}","templated":true}]}}