{"id":14272,"date":"2026-08-30T18:14:00","date_gmt":"2026-08-30T22:14:00","guid":{"rendered":"https:\/\/diarionews.com.br\/?p=14272"},"modified":"2026-09-01T18:20:11","modified_gmt":"2026-09-01T22:20:11","slug":"luciano-silva-critica-falta-de-transparencia-problemas-na-saude-agua-suja-e-descaso-com-empresarios","status":"publish","type":"post","link":"https:\/\/diarionews.com.br\/?p=14272","title":{"rendered":"Luciano Silva critica falta de transpar\u00eancia, problemas na sa\u00fade, \u00e1gua suja e descaso com empres\u00e1rios"},"content":{"rendered":"\n<p>Na sess\u00e3o ordin\u00e1ria de segunda-feira (4), o vereador Luciano Silva (PL) criticou o que chamou de \u201cs\u00e9rie de descasos\u201d em \u00e1reas como sa\u00fade, abastecimento de \u00e1gua e infraestrutura urbana.<\/p>\n\n\n\n<p>Luciano Silva iniciou seu discurso abordando a dificuldade enfrentada por vereadores para obter informa\u00e7\u00f5es sobre atendimentos m\u00e9dicos realizados na rede p\u00fablica. Segundo ele, a Prefeitura vem utilizando a Lei Geral de Prote\u00e7\u00e3o de Dados (LGPD) como justificativa para negar acesso a informa\u00e7\u00f5es que, segundo o vereador, s\u00e3o fundamentais para o exerc\u00edcio da fun\u00e7\u00e3o fiscalizadora.<\/p>\n\n\n\n<p>\u201cSe acessar o site do Tribunal de Justi\u00e7a do Estado de Mato Grosso e pesquisar o nome de qualquer pessoa vai encontrar os dados completos das partes envolvidas em processos. Ent\u00e3o, por que eu n\u00e3o consigo receber os nomes das pessoas atendidas na sa\u00fade?\u201d, questionou o vereador.<\/p>\n\n\n\n<p>Luciano explicou que n\u00e3o est\u00e1 pedindo dados sens\u00edveis, como CPF ou endere\u00e7o, mas sim informa\u00e7\u00f5es m\u00ednimas para entender como est\u00e1 sendo prestado o servi\u00e7o.<\/p>\n\n\n\n<p>\u201cEstou ingressando com uma a\u00e7\u00e3o na Justi\u00e7a para que a Prefeitura e todas as suas secretarias forne\u00e7am os dados m\u00ednimos necess\u00e1rios para que um vereador possa exercer seu direito de fiscaliza\u00e7\u00e3o\u201d, afirmou.<\/p>\n\n\n\n<p>Outro ponto abordado pelo vereador foi a persistente m\u00e1 qualidade da \u00e1gua fornecida \u00e0 popula\u00e7\u00e3o. De acordo com o vereador Luciano, mesmo com o in\u00edcio do per\u00edodo de estiagem, moradores continuam recebendo \u00e1gua suja nas torneiras.<\/p>\n\n\n\n<p>\u201cOntem recebi mais um v\u00eddeo mostrando \u00e1gua suja saindo das torneiras. Para cozinhar, as pessoas est\u00e3o tendo que comprar \u00e1gua. At\u00e9 quando vamos passar por isso sem que ningu\u00e9m tome provid\u00eancias?\u201d, questionou.<\/p>\n\n\n\n<p><strong>Recupera\u00e7\u00e3o de cal\u00e7adas<\/strong><\/p>\n\n\n\n<p>Luciano tamb\u00e9m exp\u00f4s o descumprimento de um acordo firmado entre a Prefeitura e empres\u00e1rios da regi\u00e3o entre a Rua D e a Pra\u00e7a C\u00edvica, que previa a recupera\u00e7\u00e3o das cal\u00e7adas do local. O vereador disse que os comerciantes est\u00e3o arcando com os custos da obra por conta pr\u00f3pria, j\u00e1 que a Prefeitura n\u00e3o cumpriu com sua parte no compromisso.<\/p>\n\n\n\n<p>\u201cEssa obra deveria come\u00e7ar em janeiro. Alegaram que em janeiro chove muito. Mas agora estamos na seca \u2014 qual \u00e9 a desculpa agora?\u201d, ironizou.<\/p>\n\n\n\n<p>Segundo ele, a situa\u00e7\u00e3o \u00e9 cr\u00edtica e coloca em risco a seguran\u00e7a da popula\u00e7\u00e3o. \u201cOs bloquetes est\u00e3o soltos, e toda semana, pelo menos uma pessoa cai de motocicleta ali. Quando a roda da frente da moto passa, o bloquete vira e a pessoa cai\u201d, relatou.<\/p>\n\n\n\n<p>Assessoria<\/p>\n","protected":false},"excerpt":{"rendered":"<p>Na sess\u00e3o ordin\u00e1ria de segunda-feira (4), o vereador Luciano Silva (PL) criticou o que chamou de \u201cs\u00e9rie de descasos\u201d em \u00e1reas como sa\u00fade, abastecimento de \u00e1gua e infraestrutura urbana. Luciano Silva iniciou seu discurso abordando a dificuldade enfrentada por vereadores para obter informa\u00e7\u00f5es sobre atendimentos m\u00e9dicos realizados na rede p\u00fablica. Segundo ele, a Prefeitura vem [&hellip;]<\/p>\n","protected":false},"author":3,"featured_media":7247,"comment_status":"open","ping_status":"open","sticky":false,"template":"","format":"standard","meta":{"footnotes":""},"categories":[19],"tags":[956],"class_list":["post-14272","post","type-post","status-publish","format-standard","has-post-thumbnail","hentry","category-politica","tag-importante"],"_links":{"self":[{"href":"https:\/\/diarionews.com.br\/index.php?rest_route=\/wp\/v2\/posts\/14272","targetHints":{"allow":["GET"]}}],"collection":[{"href":"https:\/\/diarionews.com.br\/index.php?rest_route=\/wp\/v2\/posts"}],"about":[{"href":"https:\/\/diarionews.com.br\/index.php?rest_route=\/wp\/v2\/types\/post"}],"author":[{"embeddable":true,"href":"https:\/\/diarionews.com.br\/index.php?rest_route=\/wp\/v2\/users\/3"}],"replies":[{"embeddable":true,"href":"https:\/\/diarionews.com.br\/index.php?rest_route=%2Fwp%2Fv2%2Fcomments&post=14272"}],"version-history":[{"count":1,"href":"https:\/\/diarionews.com.br\/index.php?rest_route=\/wp\/v2\/posts\/14272\/revisions"}],"predecessor-version":[{"id":14563,"href":"https:\/\/diarionews.com.br\/index.php?rest_route=\/wp\/v2\/posts\/14272\/revisions\/14563"}],"wp:featuredmedia":[{"embeddable":true,"href":"https:\/\/diarionews.com.br\/index.php?rest_route=\/wp\/v2\/media\/7247"}],"wp:attachment":[{"href":"https:\/\/diarionews.com.br\/index.php?rest_route=%2Fwp%2Fv2%2Fmedia&parent=14272"}],"wp:term":[{"taxonomy":"category","embeddable":true,"href":"https:\/\/diarionews.com.br\/index.php?rest_route=%2Fwp%2Fv2%2Fcategories&post=14272"},{"taxonomy":"post_tag","embeddable":true,"href":"https:\/\/diarionews.com.br\/index.php?rest_route=%2Fwp%2Fv2%2Ftags&post=14272"}],"curies":[{"name":"wp","href":"https:\/\/api.w.org\/{rel}","templated":true}]}}