{"id":14267,"date":"2026-09-02T08:40:00","date_gmt":"2026-09-02T12:40:00","guid":{"rendered":"https:\/\/diarionews.com.br\/?p=14267"},"modified":"2026-09-01T18:26:08","modified_gmt":"2026-09-01T22:26:08","slug":"calor-de-ate-43c-muda-desfile-de-7-de-setembro-para-a-noite-em-cuiaba","status":"publish","type":"post","link":"https:\/\/diarionews.com.br\/?p=14267","title":{"rendered":"Calor de at\u00e9 43\u00b0C muda desfile de 7 de Setembro para a noite em Cuiab\u00e1"},"content":{"rendered":"\n<p>O tradicional Desfile C\u00edvico de 7 de Setembro ser\u00e1 realizado no per\u00edodo noturno neste ano em Cuiab\u00e1 devido \u00e0 previs\u00e3o de altas temperaturas e tempo seco. A programa\u00e7\u00e3o, que celebra os 204 anos da Independ\u00eancia do Brasil, ter\u00e1 concentra\u00e7\u00e3o das institui\u00e7\u00f5es a partir das 18h30, na Rua Batista das Neves, no trecho entre a Rua C\u00e2ndido Mariano e a Avenida Get\u00falio Vargas.<\/p>\n\n\n\n<p>A mudan\u00e7a foi adotada para reduzir a exposi\u00e7\u00e3o de estudantes, familiares e do p\u00fablico ao calor intenso durante a programa\u00e7\u00e3o. Segundo o Instituto Nacional de Meteorologia (Inmet), Cuiab\u00e1 poder\u00e1 enfrentar temperaturas de at\u00e9 43\u00b0C nos pr\u00f3ximos dias. A previs\u00e3o indica m\u00e1xima de 42\u00b0C neste domingo (30), 41\u00b0C na segunda-feira (31), 41\u00b0C na ter\u00e7a-feira (1\u00ba) e 43\u00b0C na quinta-feira (3). Na quarta-feira (2), a temperatura deve cair temporariamente para 36\u00b0C.<\/p>\n\n\n\n<p>Al\u00e9m do calor, a baixa umidade relativa do ar \u00e9 outro fator de preocupa\u00e7\u00e3o. Nos dias mais quentes, os \u00edndices podem ficar entre 15% e 20%, enquanto na quarta-feira a previs\u00e3o \u00e9 de aproximadamente 30%. Para reduzir os efeitos das condi\u00e7\u00f5es clim\u00e1ticas, a organiza\u00e7\u00e3o do evento ir\u00e1 instalar pontos de hidrata\u00e7\u00e3o e espa\u00e7os de descanso ao longo do percurso, com equipes de apoio posicionadas em locais estrat\u00e9gicos.<\/p>\n\n\n\n<p>O desfile ter\u00e1 in\u00edcio na Rua Batista das Neves e seguir\u00e1 pela Avenida Get\u00falio Vargas em dire\u00e7\u00e3o \u00e0 Avenida Tenente-Coronel Duarte, conhecida como Prainha. O palanque destinado \u00e0s autoridades ser\u00e1 instalado na Rua Joaquim Murtinho, nos fundos da Catedral Bas\u00edlica do Senhor Bom Jesus, enquanto a dispers\u00e3o ocorrer\u00e1 na Pra\u00e7a da Rep\u00fablica, com acesso pela Rua 13 de Junho.<\/p>\n\n\n\n<p>A programa\u00e7\u00e3o contar\u00e1 com a participa\u00e7\u00e3o de cinco unidades da rede municipal de ensino de Cuiab\u00e1, reunindo mais de 300 estudantes, al\u00e9m de apresenta\u00e7\u00f5es de bandas e fanfarras. A realiza\u00e7\u00e3o \u00e9 do Governo de Mato Grosso, por meio da Secretaria de Estado de Educa\u00e7\u00e3o (Seduc-MT), em conjunto com a estrutura de apoio do munic\u00edpio.<\/p>\n\n\n\n<p>A altera\u00e7\u00e3o para o per\u00edodo noturno busca garantir maior conforto e seguran\u00e7a aos participantes e ao p\u00fablico diante do cen\u00e1rio de calor extremo previsto para a capital. A orienta\u00e7\u00e3o das autoridades \u00e9 que as pessoas mantenham a hidrata\u00e7\u00e3o e redobrem os cuidados durante o per\u00edodo de tempo seco e temperaturas elevadas.<\/p>\n","protected":false},"excerpt":{"rendered":"<p>O tradicional Desfile C\u00edvico de 7 de Setembro ser\u00e1 realizado no per\u00edodo noturno neste ano em Cuiab\u00e1 devido \u00e0 previs\u00e3o de altas temperaturas e tempo seco. A programa\u00e7\u00e3o, que celebra os 204 anos da Independ\u00eancia do Brasil, ter\u00e1 concentra\u00e7\u00e3o das institui\u00e7\u00f5es a partir das 18h30, na Rua Batista das Neves, no trecho entre a Rua [&hellip;]<\/p>\n","protected":false},"author":3,"featured_media":13161,"comment_status":"open","ping_status":"open","sticky":false,"template":"","format":"standard","meta":{"footnotes":""},"categories":[18],"tags":[956],"class_list":["post-14267","post","type-post","status-publish","format-standard","has-post-thumbnail","hentry","category-estaduais","tag-importante"],"_links":{"self":[{"href":"https:\/\/diarionews.com.br\/index.php?rest_route=\/wp\/v2\/posts\/14267","targetHints":{"allow":["GET"]}}],"collection":[{"href":"https:\/\/diarionews.com.br\/index.php?rest_route=\/wp\/v2\/posts"}],"about":[{"href":"https:\/\/diarionews.com.br\/index.php?rest_route=\/wp\/v2\/types\/post"}],"author":[{"embeddable":true,"href":"https:\/\/diarionews.com.br\/index.php?rest_route=\/wp\/v2\/users\/3"}],"replies":[{"embeddable":true,"href":"https:\/\/diarionews.com.br\/index.php?rest_route=%2Fwp%2Fv2%2Fcomments&post=14267"}],"version-history":[{"count":1,"href":"https:\/\/diarionews.com.br\/index.php?rest_route=\/wp\/v2\/posts\/14267\/revisions"}],"predecessor-version":[{"id":14268,"href":"https:\/\/diarionews.com.br\/index.php?rest_route=\/wp\/v2\/posts\/14267\/revisions\/14268"}],"wp:featuredmedia":[{"embeddable":true,"href":"https:\/\/diarionews.com.br\/index.php?rest_route=\/wp\/v2\/media\/13161"}],"wp:attachment":[{"href":"https:\/\/diarionews.com.br\/index.php?rest_route=%2Fwp%2Fv2%2Fmedia&parent=14267"}],"wp:term":[{"taxonomy":"category","embeddable":true,"href":"https:\/\/diarionews.com.br\/index.php?rest_route=%2Fwp%2Fv2%2Fcategories&post=14267"},{"taxonomy":"post_tag","embeddable":true,"href":"https:\/\/diarionews.com.br\/index.php?rest_route=%2Fwp%2Fv2%2Ftags&post=14267"}],"curies":[{"name":"wp","href":"https:\/\/api.w.org\/{rel}","templated":true}]}}