{"id":14216,"date":"2026-08-31T05:34:35","date_gmt":"2026-08-31T09:34:35","guid":{"rendered":"https:\/\/diarionews.com.br\/?p=14216"},"modified":"2026-09-01T05:22:07","modified_gmt":"2026-09-01T09:22:07","slug":"tecnologia-cria-novas-profissoes-e-transforma-rotina-da-advocacia","status":"publish","type":"post","link":"https:\/\/diarionews.com.br\/?p=14216","title":{"rendered":"Tecnologia cria novas profiss\u00f5es e transforma rotina da advocacia"},"content":{"rendered":"\n<p>O avan\u00e7o da tecnologia, da intelig\u00eancia artificial e do uso de dados est\u00e1 mudando a rotina da advocacia e criando novas fun\u00e7\u00f5es dentro do mercado jur\u00eddico. Em vez de concentrar sua atua\u00e7\u00e3o apenas na elabora\u00e7\u00e3o de peti\u00e7\u00f5es e no acompanhamento de processos, parte dos profissionais passou a trabalhar com automa\u00e7\u00e3o, an\u00e1lise de informa\u00e7\u00f5es e organiza\u00e7\u00e3o de fluxos internos de escrit\u00f3rios e departamentos jur\u00eddicos.<\/p>\n\n\n\n<p>Entre as novas fun\u00e7\u00f5es que ganharam espa\u00e7o est\u00e3o as de engenheiro jur\u00eddico, analista de dados jur\u00eddicos e especialista em Legal Operations, conhecido como Legal Ops. Esses profissionais trabalham na cria\u00e7\u00e3o e aperfei\u00e7oamento de processos automatizados, na an\u00e1lise de padr\u00f5es de decis\u00f5es judiciais e na utiliza\u00e7\u00e3o de dados para tornar a gest\u00e3o jur\u00eddica mais eficiente.<\/p>\n\n\n\n<p>A transforma\u00e7\u00e3o ocorre em um momento em que o pr\u00f3prio sistema de Justi\u00e7a discute os impactos da intelig\u00eancia artificial e das novas tecnologias. Em agosto de 2026, o Tribunal de Justi\u00e7a de Mato Grosso promoveu o FestLabs Cuiab\u00e1, evento que colocou em debate temas como inova\u00e7\u00e3o, agentes de intelig\u00eancia artificial, governan\u00e7a e integra\u00e7\u00e3o entre pessoas e dados. As discuss\u00f5es refor\u00e7aram que o avan\u00e7o tecnol\u00f3gico exige novas compet\u00eancias, mas n\u00e3o elimina a import\u00e2ncia da atua\u00e7\u00e3o humana.<\/p>\n\n\n\n<p>No ambiente da advocacia, a mudan\u00e7a tamb\u00e9m altera o perfil dos profissionais procurados pelo mercado. O conhecimento jur\u00eddico continua sendo fundamental, mas passa a ser combinado com dom\u00ednio de tecnologia, interpreta\u00e7\u00e3o de dados, gest\u00e3o e capacidade de estruturar solu\u00e7\u00f5es para tarefas que antes eram realizadas manualmente.<\/p>\n\n\n\n<p>A tend\u00eancia acompanha uma transforma\u00e7\u00e3o mais ampla do setor jur\u00eddico brasileiro, que h\u00e1 anos incorpora processos eletr\u00f4nicos, ferramentas digitais e sistemas de automa\u00e7\u00e3o. Em Mato Grosso, a OAB-MT e o Tribunal de Justi\u00e7a j\u00e1 v\u00eam adotando e debatendo solu\u00e7\u00f5es tecnol\u00f3gicas, mostrando que a digitaliza\u00e7\u00e3o deixou de ser apenas uma ferramenta de apoio e passou a fazer parte da pr\u00f3pria organiza\u00e7\u00e3o do trabalho jur\u00eddico.<\/p>\n\n\n\n<p>Com esse cen\u00e1rio, a advocacia passa a contar com profissionais que atuam al\u00e9m dos tribunais e dos escrit\u00f3rios tradicionais. A combina\u00e7\u00e3o entre conhecimento jur\u00eddico, tecnologia e an\u00e1lise de dados tende a ampliar as possibilidades de carreira e, ao mesmo tempo, exige atualiza\u00e7\u00e3o constante de quem pretende acompanhar as mudan\u00e7as provocadas pela transforma\u00e7\u00e3o digital no setor.<\/p>\n","protected":false},"excerpt":{"rendered":"<p>O avan\u00e7o da tecnologia, da intelig\u00eancia artificial e do uso de dados est\u00e1 mudando a rotina da advocacia e criando novas fun\u00e7\u00f5es dentro do mercado jur\u00eddico. Em vez de concentrar sua atua\u00e7\u00e3o apenas na elabora\u00e7\u00e3o de peti\u00e7\u00f5es e no acompanhamento de processos, parte dos profissionais passou a trabalhar com automa\u00e7\u00e3o, an\u00e1lise de informa\u00e7\u00f5es e organiza\u00e7\u00e3o [&hellip;]<\/p>\n","protected":false},"author":3,"featured_media":14217,"comment_status":"open","ping_status":"open","sticky":false,"template":"","format":"standard","meta":{"footnotes":""},"categories":[18],"tags":[],"class_list":["post-14216","post","type-post","status-publish","format-standard","has-post-thumbnail","hentry","category-estaduais"],"_links":{"self":[{"href":"https:\/\/diarionews.com.br\/index.php?rest_route=\/wp\/v2\/posts\/14216","targetHints":{"allow":["GET"]}}],"collection":[{"href":"https:\/\/diarionews.com.br\/index.php?rest_route=\/wp\/v2\/posts"}],"about":[{"href":"https:\/\/diarionews.com.br\/index.php?rest_route=\/wp\/v2\/types\/post"}],"author":[{"embeddable":true,"href":"https:\/\/diarionews.com.br\/index.php?rest_route=\/wp\/v2\/users\/3"}],"replies":[{"embeddable":true,"href":"https:\/\/diarionews.com.br\/index.php?rest_route=%2Fwp%2Fv2%2Fcomments&post=14216"}],"version-history":[{"count":1,"href":"https:\/\/diarionews.com.br\/index.php?rest_route=\/wp\/v2\/posts\/14216\/revisions"}],"predecessor-version":[{"id":14218,"href":"https:\/\/diarionews.com.br\/index.php?rest_route=\/wp\/v2\/posts\/14216\/revisions\/14218"}],"wp:featuredmedia":[{"embeddable":true,"href":"https:\/\/diarionews.com.br\/index.php?rest_route=\/wp\/v2\/media\/14217"}],"wp:attachment":[{"href":"https:\/\/diarionews.com.br\/index.php?rest_route=%2Fwp%2Fv2%2Fmedia&parent=14216"}],"wp:term":[{"taxonomy":"category","embeddable":true,"href":"https:\/\/diarionews.com.br\/index.php?rest_route=%2Fwp%2Fv2%2Fcategories&post=14216"},{"taxonomy":"post_tag","embeddable":true,"href":"https:\/\/diarionews.com.br\/index.php?rest_route=%2Fwp%2Fv2%2Ftags&post=14216"}],"curies":[{"name":"wp","href":"https:\/\/api.w.org\/{rel}","templated":true}]}}