{"id":14210,"date":"2026-08-31T05:22:59","date_gmt":"2026-08-31T09:22:59","guid":{"rendered":"https:\/\/diarionews.com.br\/?p=14210"},"modified":"2026-09-01T05:22:10","modified_gmt":"2026-09-01T09:22:10","slug":"colheita-de-algodao-em-mt-chega-a-8866-e-deve-acabar-em-setembro","status":"publish","type":"post","link":"https:\/\/diarionews.com.br\/?p=14210","title":{"rendered":"Colheita de algod\u00e3o em MT chega a 88,66% e deve acabar em setembro"},"content":{"rendered":"\n<p>A colheita de algod\u00e3o em Mato Grosso alcan\u00e7ou 88,66% da \u00e1rea projetada para a safra 2025\/26 at\u00e9 28 de agosto. Segundo dados atualizados pelo Instituto Mato-grossense de Economia Agropecu\u00e1ria (Imea), o avan\u00e7o foi de 19,14 pontos percentuais em rela\u00e7\u00e3o \u00e0 semana anterior e mant\u00e9m o ritmo dos trabalhos acima das m\u00e9dias registradas em temporadas anteriores.<\/p>\n\n\n\n<p>O percentual tamb\u00e9m supera em 12 pontos percentuais o registrado no mesmo per\u00edodo da safra passada e est\u00e1 3,03 pontos percentuais acima da m\u00e9dia dos \u00faltimos cinco anos. Com o avan\u00e7o das opera\u00e7\u00f5es, a expectativa do Imea \u00e9 que a colheita seja conclu\u00edda na primeira quinzena de setembro. A analista de algod\u00e3o do instituto, Cintia Teixeira, afirmou que, caso o ritmo seja mantido, os trabalhos tendem a terminar nesse per\u00edodo.<\/p>\n\n\n\n<p>As condi\u00e7\u00f5es clim\u00e1ticas contribu\u00edram para o avan\u00e7o das atividades nas lavouras, principalmente devido ao predom\u00ednio de tempo seco e \u00e0 aus\u00eancia de chuvas nas regi\u00f5es produtoras. Para as pr\u00f3ximas semanas, por\u00e9m, h\u00e1 previs\u00e3o de precipita\u00e7\u00f5es pontuais em algumas \u00e1reas de Mato Grosso. Segundo o Imea, caso essas chuvas ocorram, elas poder\u00e3o afetar a qualidade da fibra e interferir no andamento da etapa final da colheita.<\/p>\n\n\n\n<p>Para a safra 2025\/26, a \u00e1rea destinada ao algod\u00e3o em Mato Grosso est\u00e1 estimada em 1,38 milh\u00e3o de hectares, uma redu\u00e7\u00e3o de aproximadamente 11% em rela\u00e7\u00e3o \u00e0 temporada 2024\/25. De acordo com Cintia Teixeira, a queda est\u00e1 relacionada principalmente aos elevados custos de produ\u00e7\u00e3o e aos pre\u00e7os menos atrativos, fatores que levaram os produtores a adotar uma postura mais cautelosa na defini\u00e7\u00e3o da \u00e1rea cultivada.<\/p>\n\n\n\n<p>A estimativa atual do Imea \u00e9 de produ\u00e7\u00e3o de 6,51 milh\u00f5es de toneladas de algod\u00e3o. O n\u00famero, entretanto, ainda poder\u00e1 ser ajustado, j\u00e1 que o instituto prev\u00ea divulgar em 31 de agosto um novo Relat\u00f3rio de Oferta e Demanda do algod\u00e3o. A atualiza\u00e7\u00e3o poder\u00e1 trazer novos dados sobre o cen\u00e1rio da safra mato-grossense.<\/p>\n","protected":false},"excerpt":{"rendered":"<p>A colheita de algod\u00e3o em Mato Grosso alcan\u00e7ou 88,66% da \u00e1rea projetada para a safra 2025\/26 at\u00e9 28 de agosto. Segundo dados atualizados pelo Instituto Mato-grossense de Economia Agropecu\u00e1ria (Imea), o avan\u00e7o foi de 19,14 pontos percentuais em rela\u00e7\u00e3o \u00e0 semana anterior e mant\u00e9m o ritmo dos trabalhos acima das m\u00e9dias registradas em temporadas anteriores. [&hellip;]<\/p>\n","protected":false},"author":3,"featured_media":14211,"comment_status":"open","ping_status":"open","sticky":false,"template":"","format":"standard","meta":{"footnotes":""},"categories":[15],"tags":[956],"class_list":["post-14210","post","type-post","status-publish","format-standard","has-post-thumbnail","hentry","category-agropecuaria","tag-importante"],"_links":{"self":[{"href":"https:\/\/diarionews.com.br\/index.php?rest_route=\/wp\/v2\/posts\/14210","targetHints":{"allow":["GET"]}}],"collection":[{"href":"https:\/\/diarionews.com.br\/index.php?rest_route=\/wp\/v2\/posts"}],"about":[{"href":"https:\/\/diarionews.com.br\/index.php?rest_route=\/wp\/v2\/types\/post"}],"author":[{"embeddable":true,"href":"https:\/\/diarionews.com.br\/index.php?rest_route=\/wp\/v2\/users\/3"}],"replies":[{"embeddable":true,"href":"https:\/\/diarionews.com.br\/index.php?rest_route=%2Fwp%2Fv2%2Fcomments&post=14210"}],"version-history":[{"count":1,"href":"https:\/\/diarionews.com.br\/index.php?rest_route=\/wp\/v2\/posts\/14210\/revisions"}],"predecessor-version":[{"id":14212,"href":"https:\/\/diarionews.com.br\/index.php?rest_route=\/wp\/v2\/posts\/14210\/revisions\/14212"}],"wp:featuredmedia":[{"embeddable":true,"href":"https:\/\/diarionews.com.br\/index.php?rest_route=\/wp\/v2\/media\/14211"}],"wp:attachment":[{"href":"https:\/\/diarionews.com.br\/index.php?rest_route=%2Fwp%2Fv2%2Fmedia&parent=14210"}],"wp:term":[{"taxonomy":"category","embeddable":true,"href":"https:\/\/diarionews.com.br\/index.php?rest_route=%2Fwp%2Fv2%2Fcategories&post=14210"},{"taxonomy":"post_tag","embeddable":true,"href":"https:\/\/diarionews.com.br\/index.php?rest_route=%2Fwp%2Fv2%2Ftags&post=14210"}],"curies":[{"name":"wp","href":"https:\/\/api.w.org\/{rel}","templated":true}]}}