{"id":14200,"date":"2026-09-01T08:24:00","date_gmt":"2026-09-01T12:24:00","guid":{"rendered":"https:\/\/diarionews.com.br\/?p=14200"},"modified":"2026-08-28T18:25:28","modified_gmt":"2026-08-28T22:25:28","slug":"camara-de-alta-floresta-aprova-emenda-que-limita-acumulo-interino-de-secretarias-municipais","status":"publish","type":"post","link":"https:\/\/diarionews.com.br\/?p=14200","title":{"rendered":"C\u00e2mara de Alta Floresta aprova emenda que limita ac\u00famulo interino de Secretarias Municipais"},"content":{"rendered":"\n<p>A C\u00e2mara Municipal de Alta Floresta aprovou, na sess\u00e3o ordin\u00e1ria realizada na sexta-feira (14), a Proposta de Emenda \u00e0 Lei Org\u00e2nica n\u00ba 001\/2026, que estabelece regras para a designa\u00e7\u00e3o interina de secret\u00e1rios municipais para responder por outras secretarias. A medida acrescenta o artigo 64-A \u00e0 Lei Org\u00e2nica do Munic\u00edpio e busca restringir a acumula\u00e7\u00e3o de pastas a situa\u00e7\u00f5es excepcionais e tempor\u00e1rias.<\/p>\n\n\n\n<p>De acordo com o texto aprovado, a designa\u00e7\u00e3o de um secret\u00e1rio municipal para responder interinamente por outra Secretaria constitui medida de car\u00e1ter excepcional, destinada exclusivamente a garantir a continuidade dos servi\u00e7os p\u00fablicos. A possibilidade dever\u00e1 ser devidamente justificada e n\u00e3o poder\u00e1 ser utilizada de forma permanente na administra\u00e7\u00e3o municipal.<\/p>\n\n\n\n<p>A emenda estabelece que a designa\u00e7\u00e3o interina poder\u00e1 ocorrer em situa\u00e7\u00f5es como vac\u00e2ncia do cargo, afastamento, impedimento legal ou outra circunst\u00e2ncia excepcional devidamente fundamentada. O per\u00edodo da interinidade dever\u00e1 ser limitado ao tempo estritamente necess\u00e1rio para a nomea\u00e7\u00e3o do titular ou para o retorno do secret\u00e1rio afastado.<\/p>\n\n\n\n<p>A proposta tamb\u00e9m determina que a acumula\u00e7\u00e3o n\u00e3o poder\u00e1 ocorrer quando houver incompatibilidade com o regime jur\u00eddico pr\u00f3prio do cargo ou com norma federal que estabele\u00e7a o exerc\u00edcio em regime de tempo integral.<\/p>\n\n\n\n<p>Um dos pontos destacados no texto \u00e9 a situa\u00e7\u00e3o do secret\u00e1rio municipal de Sa\u00fade. A emenda prev\u00ea expressamente que eventual designa\u00e7\u00e3o para responder cumulativamente por outra pasta dever\u00e1 observar as limita\u00e7\u00f5es previstas na legisla\u00e7\u00e3o federal, especialmente o artigo 28 da Lei Federal n\u00ba 8.080\/1990, que trata do regime de trabalho dos cargos e fun\u00e7\u00f5es de chefia, dire\u00e7\u00e3o e assessoramento no \u00e2mbito do Sistema \u00danico de Sa\u00fade (SUS).<\/p>\n\n\n\n<p>Na justificativa apresentada \u00e0 C\u00e2mara, os autores argumentam que a substitui\u00e7\u00e3o tempor\u00e1ria de secret\u00e1rios \u00e9 um instrumento leg\u00edtimo para assegurar a continuidade administrativa, mas que seu uso prolongado ou reiterado pode comprometer a efici\u00eancia da gest\u00e3o p\u00fablica.<\/p>\n\n\n\n<p>Segundo os vereadores proponentes, a concentra\u00e7\u00e3o de atribui\u00e7\u00f5es estrat\u00e9gicas em um \u00fanico agente pol\u00edtico pode prejudicar o desempenho das compet\u00eancias pr\u00f3prias de cada secretaria. O texto ressalta ainda que os secret\u00e1rios municipais exercem fun\u00e7\u00f5es de dire\u00e7\u00e3o superior, planejamento, coordena\u00e7\u00e3o, supervis\u00e3o e controle das pol\u00edticas p\u00fablicas de suas respectivas \u00e1reas.<\/p>\n\n\n\n<p>A proposta sustenta, por isso, que eventual acumula\u00e7\u00e3o deve permanecer restrita a situa\u00e7\u00f5es excepcionais, por prazo determinado e mediante motiva\u00e7\u00e3o expressa.<\/p>\n\n\n\n<p>Os autores tamb\u00e9m fundamentam a altera\u00e7\u00e3o nos princ\u00edpios constitucionais da legalidade, impessoalidade, moralidade, publicidade e efici\u00eancia, al\u00e9m dos princ\u00edpios da continuidade do servi\u00e7o p\u00fablico e da especializa\u00e7\u00e3o administrativa.<\/p>\n\n\n\n<p>A nova regra ter\u00e1 aplica\u00e7\u00e3o tamb\u00e9m sobre as designa\u00e7\u00f5es interinas que j\u00e1 estiverem em vigor na data da promulga\u00e7\u00e3o da emenda. Conforme o artigo 2\u00ba, essas situa\u00e7\u00f5es dever\u00e3o ser adequadas \u00e0s disposi\u00e7\u00f5es do novo artigo 64-A da Lei Org\u00e2nica.<\/p>\n\n\n\n<p>A emenda entra em vigor na data de sua promulga\u00e7\u00e3o.<\/p>\n\n\n\n<p>A Proposta de Emenda \u00e0 Lei Org\u00e2nica n\u00ba 001\/2026 foi apresentada pelos vereadores Luciano Silva, Adelson Servidor, Darlan Trindade Carvalho, Francisco Ailton dos Santos, Chic\u00e3o Motocross, Leonice Klaus dos Santos, Nilson Pereira da Silva, Naldo da Pista e Dida Pires.<\/p>\n","protected":false},"excerpt":{"rendered":"<p>A C\u00e2mara Municipal de Alta Floresta aprovou, na sess\u00e3o ordin\u00e1ria realizada na sexta-feira (14), a Proposta de Emenda \u00e0 Lei Org\u00e2nica n\u00ba 001\/2026, que estabelece regras para a designa\u00e7\u00e3o interina de secret\u00e1rios municipais para responder por outras secretarias. A medida acrescenta o artigo 64-A \u00e0 Lei Org\u00e2nica do Munic\u00edpio e busca restringir a acumula\u00e7\u00e3o de [&hellip;]<\/p>\n","protected":false},"author":3,"featured_media":14201,"comment_status":"open","ping_status":"open","sticky":false,"template":"","format":"standard","meta":{"footnotes":""},"categories":[6],"tags":[956],"class_list":["post-14200","post","type-post","status-publish","format-standard","has-post-thumbnail","hentry","category-local","tag-importante"],"_links":{"self":[{"href":"https:\/\/diarionews.com.br\/index.php?rest_route=\/wp\/v2\/posts\/14200","targetHints":{"allow":["GET"]}}],"collection":[{"href":"https:\/\/diarionews.com.br\/index.php?rest_route=\/wp\/v2\/posts"}],"about":[{"href":"https:\/\/diarionews.com.br\/index.php?rest_route=\/wp\/v2\/types\/post"}],"author":[{"embeddable":true,"href":"https:\/\/diarionews.com.br\/index.php?rest_route=\/wp\/v2\/users\/3"}],"replies":[{"embeddable":true,"href":"https:\/\/diarionews.com.br\/index.php?rest_route=%2Fwp%2Fv2%2Fcomments&post=14200"}],"version-history":[{"count":1,"href":"https:\/\/diarionews.com.br\/index.php?rest_route=\/wp\/v2\/posts\/14200\/revisions"}],"predecessor-version":[{"id":14202,"href":"https:\/\/diarionews.com.br\/index.php?rest_route=\/wp\/v2\/posts\/14200\/revisions\/14202"}],"wp:featuredmedia":[{"embeddable":true,"href":"https:\/\/diarionews.com.br\/index.php?rest_route=\/wp\/v2\/media\/14201"}],"wp:attachment":[{"href":"https:\/\/diarionews.com.br\/index.php?rest_route=%2Fwp%2Fv2%2Fmedia&parent=14200"}],"wp:term":[{"taxonomy":"category","embeddable":true,"href":"https:\/\/diarionews.com.br\/index.php?rest_route=%2Fwp%2Fv2%2Fcategories&post=14200"},{"taxonomy":"post_tag","embeddable":true,"href":"https:\/\/diarionews.com.br\/index.php?rest_route=%2Fwp%2Fv2%2Ftags&post=14200"}],"curies":[{"name":"wp","href":"https:\/\/api.w.org\/{rel}","templated":true}]}}