{"id":14197,"date":"2026-09-01T18:22:00","date_gmt":"2026-09-01T22:22:00","guid":{"rendered":"https:\/\/diarionews.com.br\/?p=14197"},"modified":"2026-09-01T18:26:09","modified_gmt":"2026-09-01T22:26:09","slug":"vereadora-leonice-klaus-propoe-mudanca-da-casa-de-apoio-de-alta-floresta-em-cuiaba","status":"publish","type":"post","link":"https:\/\/diarionews.com.br\/?p=14197","title":{"rendered":"Vereadora Leonice Klaus prop\u00f5e mudan\u00e7a da Casa de Apoio de Alta Floresta em Cuiab\u00e1"},"content":{"rendered":"\n<p>A vereadora Leonice Klaus dos Santos apresentou a Indica\u00e7\u00e3o n\u00ba 272\/2026, aprovada durante a sess\u00e3o ordin\u00e1ria da C\u00e2mara Municipal de Alta Floresta realizada na sexta-feira (14), propondo ao Poder Executivo Municipal a mudan\u00e7a da atual Casa de Apoio do munic\u00edpio, localizada em Cuiab\u00e1, para um espa\u00e7o mais adequado \u00e0s necessidades dos pacientes e acompanhantes.<\/p>\n\n\n\n<p>A indica\u00e7\u00e3o foi encaminhada ao prefeito Valdemar Gamba, com c\u00f3pia \u00e0 secret\u00e1ria municipal de Sa\u00fade, Luciana de F\u00e1tima Souza. No documento, a parlamentar solicita que sejam realizados estudos para avaliar a viabilidade da transfer\u00eancia do im\u00f3vel e a ado\u00e7\u00e3o das provid\u00eancias necess\u00e1rias para sua efetiva\u00e7\u00e3o.<\/p>\n\n\n\n<p>Segundo Leonice, a proposta busca melhorar as condi\u00e7\u00f5es de acolhimento oferecidas aos moradores de Alta Floresta que precisam se deslocar at\u00e9 a capital para consultas, exames, tratamentos, procedimentos m\u00e9dicos e outros atendimentos de sa\u00fade.<\/p>\n\n\n\n<p>A vereadora destaca que muitos pacientes permanecem v\u00e1rios dias em Cuiab\u00e1 e, al\u00e9m de enfrentarem as dificuldades pr\u00f3prias dos tratamentos, precisam lidar com a dist\u00e2ncia de suas casas e familiares. Nesse contexto, ela considera fundamental que a Casa de Apoio disponha de um ambiente digno, confort\u00e1vel, seguro e acess\u00edvel.<\/p>\n\n\n\n<p>Entre as caracter\u00edsticas sugeridas para o novo espa\u00e7o est\u00e1 a localiza\u00e7\u00e3o em uma regi\u00e3o de f\u00e1cil acesso, preferencialmente pr\u00f3xima a hospitais, cl\u00ednicas, unidades de sa\u00fade e vias de transporte. A medida, conforme a justificativa da indica\u00e7\u00e3o, poderia facilitar o deslocamento dos pacientes durante o per\u00edodo de atendimento m\u00e9dico.<\/p>\n\n\n\n<p>Leonice tamb\u00e9m defende que o im\u00f3vel ofere\u00e7a estrutura adequada de acomoda\u00e7\u00e3o, higiene, alimenta\u00e7\u00e3o, banheiros, dormit\u00f3rios, acessibilidade e \u00e1reas de conviv\u00eancia. Para a parlamentar, essas condi\u00e7\u00f5es s\u00e3o importantes para proporcionar maior tranquilidade e dignidade tanto aos pacientes quanto aos acompanhantes.<\/p>\n\n\n\n<p>\u201cDessa forma, a mudan\u00e7a da Casa de Apoio representa uma medida de aten\u00e7\u00e3o e respeito \u00e0s pessoas que necessitam do atendimento de sa\u00fade fora do munic\u00edpio\u201d, argumenta a vereadora na justificativa.<\/p>\n\n\n\n<p>A Indica\u00e7\u00e3o n\u00ba 272\/2026 n\u00e3o determina a mudan\u00e7a imediata da unidade, mas solicita que o Poder Executivo, por meio da Secretaria Municipal de Sa\u00fade, avalie a viabilidade da proposta e, caso seja poss\u00edvel, adote as medidas necess\u00e1rias para a transfer\u00eancia da Casa de Apoio para um local que atenda melhor \u00e0s necessidades dos usu\u00e1rios.<\/p>\n","protected":false},"excerpt":{"rendered":"<p>A vereadora Leonice Klaus dos Santos apresentou a Indica\u00e7\u00e3o n\u00ba 272\/2026, aprovada durante a sess\u00e3o ordin\u00e1ria da C\u00e2mara Municipal de Alta Floresta realizada na sexta-feira (14), propondo ao Poder Executivo Municipal a mudan\u00e7a da atual Casa de Apoio do munic\u00edpio, localizada em Cuiab\u00e1, para um espa\u00e7o mais adequado \u00e0s necessidades dos pacientes e acompanhantes. A [&hellip;]<\/p>\n","protected":false},"author":3,"featured_media":14198,"comment_status":"open","ping_status":"open","sticky":false,"template":"","format":"standard","meta":{"footnotes":""},"categories":[6],"tags":[956],"class_list":["post-14197","post","type-post","status-publish","format-standard","has-post-thumbnail","hentry","category-local","tag-importante"],"_links":{"self":[{"href":"https:\/\/diarionews.com.br\/index.php?rest_route=\/wp\/v2\/posts\/14197","targetHints":{"allow":["GET"]}}],"collection":[{"href":"https:\/\/diarionews.com.br\/index.php?rest_route=\/wp\/v2\/posts"}],"about":[{"href":"https:\/\/diarionews.com.br\/index.php?rest_route=\/wp\/v2\/types\/post"}],"author":[{"embeddable":true,"href":"https:\/\/diarionews.com.br\/index.php?rest_route=\/wp\/v2\/users\/3"}],"replies":[{"embeddable":true,"href":"https:\/\/diarionews.com.br\/index.php?rest_route=%2Fwp%2Fv2%2Fcomments&post=14197"}],"version-history":[{"count":1,"href":"https:\/\/diarionews.com.br\/index.php?rest_route=\/wp\/v2\/posts\/14197\/revisions"}],"predecessor-version":[{"id":14199,"href":"https:\/\/diarionews.com.br\/index.php?rest_route=\/wp\/v2\/posts\/14197\/revisions\/14199"}],"wp:featuredmedia":[{"embeddable":true,"href":"https:\/\/diarionews.com.br\/index.php?rest_route=\/wp\/v2\/media\/14198"}],"wp:attachment":[{"href":"https:\/\/diarionews.com.br\/index.php?rest_route=%2Fwp%2Fv2%2Fmedia&parent=14197"}],"wp:term":[{"taxonomy":"category","embeddable":true,"href":"https:\/\/diarionews.com.br\/index.php?rest_route=%2Fwp%2Fv2%2Fcategories&post=14197"},{"taxonomy":"post_tag","embeddable":true,"href":"https:\/\/diarionews.com.br\/index.php?rest_route=%2Fwp%2Fv2%2Ftags&post=14197"}],"curies":[{"name":"wp","href":"https:\/\/api.w.org\/{rel}","templated":true}]}}