{"id":1377,"date":"2025-11-25T16:17:19","date_gmt":"2025-11-25T20:17:19","guid":{"rendered":"https:\/\/diarionews.com.br\/?p=1377"},"modified":"2025-11-23T16:20:25","modified_gmt":"2025-11-23T20:20:25","slug":"governo-do-rio-e-alvo-de-investigacao-apos-70-milhoes-de-cpfs-serem-usados-no-cortex","status":"publish","type":"post","link":"https:\/\/diarionews.com.br\/?p=1377","title":{"rendered":"Governo do Rio \u00e9 alvo de investiga\u00e7\u00e3o ap\u00f3s 70 milh\u00f5es de CPFs serem usados no C\u00f3rtex"},"content":{"rendered":"\n<p>O Governo do Rio de Janeiro \u00e9 investigado por suspeita de uso irregular do C\u00f3rtex, plataforma federal de intelig\u00eancia do Minist\u00e9rio da Justi\u00e7a, ap\u00f3s auditoria identificar que 69,2 milh\u00f5es de CPFs, quase um ter\u00e7o da popula\u00e7\u00e3o brasileira, foram registrados como autores de mais de 213 milh\u00f5es de consultas. Os dados apontam ind\u00edcios de consultas automatizadas, cria\u00e7\u00e3o de CPFs para burlar bloqueios do sistema e uso de contas ligadas \u00e0 PMERJ e \u00e0 Secretaria de Governo (Segov).<\/p>\n\n\n\n<p>A Pol\u00edcia Federal abriu inqu\u00e9rito para apurar poss\u00edveis crimes como inser\u00e7\u00e3o de dados falsos, viola\u00e7\u00e3o de sigilo funcional e invas\u00e3o de dispositivo inform\u00e1tico, al\u00e9m de investigar consultas envolvendo Pessoas Politicamente Expostas (PEPs). A plataforma exige registro do CPF de quem realiza cada consulta, e a auditoria detectou que milh\u00f5es de documentos de cidad\u00e3os sem v\u00ednculo com o governo fluminense foram usados para acessar o sistema.<\/p>\n\n\n\n<p>Entre os CPFs usados indevidamente est\u00e3o o do delegado-geral de Santa Catarina, Ulisses Gabriel, que negou ter acessado o C\u00f3rtex, do secret\u00e1rio municipal de Goi\u00e1s, com mais de 4 mil acessos atribu\u00eddos ao seu documento, e do ex-deputado Loester Trutis, com 3.689 consultas em apenas cinco dias.<\/p>\n\n\n\n<p>A investiga\u00e7\u00e3o ocorre em meio a tens\u00f5es entre o governo federal e parte dos governadores sobre pol\u00edticas de seguran\u00e7a p\u00fablica, tema que ganhou for\u00e7a ap\u00f3s a aprova\u00e7\u00e3o do PL Antifac\u00e7\u00e3o, apoiado pelo governador Cl\u00e1udio Castro.<\/p>\n\n\n\n<p>O Minist\u00e9rio da Justi\u00e7a afirma que o caso est\u00e1 em fase preliminar e que j\u00e1 bloqueou acessos suspeitos, refor\u00e7ou controles e abriu processos para identificar respons\u00e1veis. Especialistas, por\u00e9m, alertam para riscos de vigil\u00e2ncia em massa, falta de transpar\u00eancia e fragilidades de controle sobre o uso da plataforma federal.<\/p>\n\n\n\n<p>O Governo do Rio afirma estar colaborando, enquanto a PM sustenta que n\u00e3o houve uso anormal em sua credencial, atribuindo as suspeitas \u00e0 chave vinculada \u00e0 Opera\u00e7\u00e3o Seguran\u00e7a Presente, coordenada pela Segov. Ambas as contas seguem sob an\u00e1lise do Minist\u00e9rio da Justi\u00e7a e da PF.<\/p>\n\n\n\n<hr class=\"wp-block-separator has-alpha-channel-opacity\"\/>\n\n\n\n<h2 class=\"wp-block-heading\"><\/h2>\n","protected":false},"excerpt":{"rendered":"<p>O Governo do Rio de Janeiro \u00e9 investigado por suspeita de uso irregular do C\u00f3rtex, plataforma federal de intelig\u00eancia do Minist\u00e9rio da Justi\u00e7a, ap\u00f3s auditoria identificar que 69,2 milh\u00f5es de CPFs, quase um ter\u00e7o da popula\u00e7\u00e3o brasileira, foram registrados como autores de mais de 213 milh\u00f5es de consultas. Os dados apontam ind\u00edcios de consultas automatizadas, [&hellip;]<\/p>\n","protected":false},"author":1,"featured_media":1378,"comment_status":"open","ping_status":"open","sticky":false,"template":"","format":"standard","meta":{"footnotes":""},"categories":[12],"tags":[712,705,711,706,710,707,583,708,269,709],"class_list":["post-1377","post","type-post","status-publish","format-standard","has-post-thumbnail","hentry","category-nacionais","tag-claudiocastro","tag-cortex","tag-cpfs","tag-governodorio","tag-investigacaofederal","tag-ministeriodajustica","tag-policiafederal","tag-privacidadedigital","tag-segurancapublica-2","tag-vazamentodedados"],"_links":{"self":[{"href":"https:\/\/diarionews.com.br\/index.php?rest_route=\/wp\/v2\/posts\/1377","targetHints":{"allow":["GET"]}}],"collection":[{"href":"https:\/\/diarionews.com.br\/index.php?rest_route=\/wp\/v2\/posts"}],"about":[{"href":"https:\/\/diarionews.com.br\/index.php?rest_route=\/wp\/v2\/types\/post"}],"author":[{"embeddable":true,"href":"https:\/\/diarionews.com.br\/index.php?rest_route=\/wp\/v2\/users\/1"}],"replies":[{"embeddable":true,"href":"https:\/\/diarionews.com.br\/index.php?rest_route=%2Fwp%2Fv2%2Fcomments&post=1377"}],"version-history":[{"count":1,"href":"https:\/\/diarionews.com.br\/index.php?rest_route=\/wp\/v2\/posts\/1377\/revisions"}],"predecessor-version":[{"id":1379,"href":"https:\/\/diarionews.com.br\/index.php?rest_route=\/wp\/v2\/posts\/1377\/revisions\/1379"}],"wp:featuredmedia":[{"embeddable":true,"href":"https:\/\/diarionews.com.br\/index.php?rest_route=\/wp\/v2\/media\/1378"}],"wp:attachment":[{"href":"https:\/\/diarionews.com.br\/index.php?rest_route=%2Fwp%2Fv2%2Fmedia&parent=1377"}],"wp:term":[{"taxonomy":"category","embeddable":true,"href":"https:\/\/diarionews.com.br\/index.php?rest_route=%2Fwp%2Fv2%2Fcategories&post=1377"},{"taxonomy":"post_tag","embeddable":true,"href":"https:\/\/diarionews.com.br\/index.php?rest_route=%2Fwp%2Fv2%2Ftags&post=1377"}],"curies":[{"name":"wp","href":"https:\/\/api.w.org\/{rel}","templated":true}]}}