{"id":1325,"date":"2025-11-22T10:15:00","date_gmt":"2025-11-22T14:15:00","guid":{"rendered":"https:\/\/diarionews.com.br\/?p=1325"},"modified":"2025-11-22T06:54:11","modified_gmt":"2025-11-22T10:54:11","slug":"tj-mt-afasta-juizes-de-sinop-e-sorriso-de-suas-funcoes","status":"publish","type":"post","link":"https:\/\/diarionews.com.br\/?p=1325","title":{"rendered":"TJ-MT afasta ju\u00edzes de Sinop e Sorriso de suas fun\u00e7\u00f5es"},"content":{"rendered":"\n<p>O Tribunal de Justi\u00e7a de Mato Grosso afastou, na quarta-feira (19), os ju\u00edzes Mirko Vincenzo Giannotte, da Vara Especializada da Fazenda P\u00fablica de Sinop, e Silvia Renata Anffe, da 2\u00aa Vara C\u00edvel de Sorriso. A informa\u00e7\u00e3o foi confirmada por uma fonte do <em>MidiaNews<\/em> nesta sexta-feira (21).<\/p>\n\n\n\n<p>A decis\u00e3o foi assinada pela Corregedoria-Geral do TJ-MT, sob comando do desembargador Jos\u00e9 Luiz Lindote. As motiva\u00e7\u00f5es para os afastamentos n\u00e3o foram divulgadas, pois os procedimentos correm em segredo de Justi\u00e7a.<\/p>\n\n\n\n<p>As medidas, que t\u00eam prazo indeterminado, ser\u00e3o submetidas a referendo na primeira sess\u00e3o administrativa do Tribunal de Justi\u00e7a, agendada para a pr\u00f3xima quinta-feira (27).<\/p>\n\n\n\n<p>Mirko Vincenzo Giannotte ganhou repercuss\u00e3o nacional em 2021, quando se inscreveu como candidato \u00e0 vaga de ministro do Supremo Tribunal Federal (STF). \u00c0 \u00e9poca, a escolha cabia ao ent\u00e3o presidente Jair Bolsonaro, e o magistrado se apresentava como de \u201cber\u00e7o evang\u00e9lico\u201d e \u201cmuito conservador na defesa dos costumes\u201d.<\/p>\n","protected":false},"excerpt":{"rendered":"<p>O Tribunal de Justi\u00e7a de Mato Grosso afastou, na quarta-feira (19), os ju\u00edzes Mirko Vincenzo Giannotte, da Vara Especializada da Fazenda P\u00fablica de Sinop, e Silvia Renata Anffe, da 2\u00aa Vara C\u00edvel de Sorriso. A informa\u00e7\u00e3o foi confirmada por uma fonte do MidiaNews nesta sexta-feira (21). A decis\u00e3o foi assinada pela Corregedoria-Geral do TJ-MT, sob [&hellip;]<\/p>\n","protected":false},"author":1,"featured_media":1326,"comment_status":"open","ping_status":"open","sticky":false,"template":"","format":"standard","meta":{"footnotes":""},"categories":[18],"tags":[566,562,564,568,567,459,563],"class_list":["post-1325","post","type-post","status-publish","format-standard","has-post-thumbnail","hentry","category-estaduais","tag-corregedoriageral","tag-justicamt-2","tag-magistradosafastados","tag-mirkogiannotte","tag-segredodejustica","tag-sinop","tag-tjmt"],"_links":{"self":[{"href":"https:\/\/diarionews.com.br\/index.php?rest_route=\/wp\/v2\/posts\/1325","targetHints":{"allow":["GET"]}}],"collection":[{"href":"https:\/\/diarionews.com.br\/index.php?rest_route=\/wp\/v2\/posts"}],"about":[{"href":"https:\/\/diarionews.com.br\/index.php?rest_route=\/wp\/v2\/types\/post"}],"author":[{"embeddable":true,"href":"https:\/\/diarionews.com.br\/index.php?rest_route=\/wp\/v2\/users\/1"}],"replies":[{"embeddable":true,"href":"https:\/\/diarionews.com.br\/index.php?rest_route=%2Fwp%2Fv2%2Fcomments&post=1325"}],"version-history":[{"count":1,"href":"https:\/\/diarionews.com.br\/index.php?rest_route=\/wp\/v2\/posts\/1325\/revisions"}],"predecessor-version":[{"id":1327,"href":"https:\/\/diarionews.com.br\/index.php?rest_route=\/wp\/v2\/posts\/1325\/revisions\/1327"}],"wp:featuredmedia":[{"embeddable":true,"href":"https:\/\/diarionews.com.br\/index.php?rest_route=\/wp\/v2\/media\/1326"}],"wp:attachment":[{"href":"https:\/\/diarionews.com.br\/index.php?rest_route=%2Fwp%2Fv2%2Fmedia&parent=1325"}],"wp:term":[{"taxonomy":"category","embeddable":true,"href":"https:\/\/diarionews.com.br\/index.php?rest_route=%2Fwp%2Fv2%2Fcategories&post=1325"},{"taxonomy":"post_tag","embeddable":true,"href":"https:\/\/diarionews.com.br\/index.php?rest_route=%2Fwp%2Fv2%2Ftags&post=1325"}],"curies":[{"name":"wp","href":"https:\/\/api.w.org\/{rel}","templated":true}]}}