{"id":12095,"date":"2026-07-18T07:51:00","date_gmt":"2026-07-18T11:51:00","guid":{"rendered":"https:\/\/diarionews.com.br\/?p=12095"},"modified":"2026-07-18T06:52:52","modified_gmt":"2026-07-18T10:52:52","slug":"tempestade-deixa-mortos-e-milhares-de-casas-afetadas-no-chile","status":"publish","type":"post","link":"https:\/\/diarionews.com.br\/?p=12095","title":{"rendered":"Tempestade deixa mortos e milhares de casas afetadas no Chile"},"content":{"rendered":"\n<p>Uma forte tempestade atingiu o Chile e deixou quatro mortos, al\u00e9m de afetar mais de 15 mil casas em diferentes regi\u00f5es do pa\u00eds. O fen\u00f4meno provocou chuvas intensas, ventos fortes, alagamentos, interrup\u00e7\u00f5es no fornecimento de energia el\u00e9trica e dificuldades de deslocamento em \u00e1reas atingidas. As regi\u00f5es centro e sul chilenas concentraram os principais impactos registrados pelas autoridades.<\/p>\n\n\n\n<p>A regi\u00e3o do Biob\u00edo foi apontada como uma das mais afetadas pela tempestade. Moradores enfrentaram enchentes e danos estruturais provocados pelo volume de chuva e pelas rajadas de vento. Equipes de emerg\u00eancia foram mobilizadas para atender comunidades prejudicadas, realizar resgates e avaliar os preju\u00edzos causados pelo evento clim\u00e1tico.<\/p>\n\n\n\n<p>O presidente do Chile, Jos\u00e9 Antonio Kast, visitou a regi\u00e3o do Biob\u00edo para acompanhar de perto a situa\u00e7\u00e3o e as a\u00e7\u00f5es de resposta do governo. As autoridades informaram que os trabalhos de assist\u00eancia inclu\u00edam apoio \u00e0s fam\u00edlias atingidas, recupera\u00e7\u00e3o de servi\u00e7os essenciais e monitoramento das \u00e1reas com maior risco de novos alagamentos e deslizamentos.<\/p>\n\n\n\n<p>Mesmo ap\u00f3s os primeiros impactos, os \u00f3rg\u00e3os respons\u00e1veis mantiveram o alerta devido \u00e0 previs\u00e3o de continuidade das condi\u00e7\u00f5es adversas. A recomenda\u00e7\u00e3o oficial foi para que a popula\u00e7\u00e3o acompanhasse os comunicados das autoridades e evitasse \u00e1reas vulner\u00e1veis durante a perman\u00eancia do sistema de tempestade. O governo chileno segue contabilizando os danos e organizando medidas de recupera\u00e7\u00e3o nas localidades afetadas.<\/p>\n","protected":false},"excerpt":{"rendered":"<p>Uma forte tempestade atingiu o Chile e deixou quatro mortos, al\u00e9m de afetar mais de 15 mil casas em diferentes regi\u00f5es do pa\u00eds. O fen\u00f4meno provocou chuvas intensas, ventos fortes, alagamentos, interrup\u00e7\u00f5es no fornecimento de energia el\u00e9trica e dificuldades de deslocamento em \u00e1reas atingidas. As regi\u00f5es centro e sul chilenas concentraram os principais impactos registrados [&hellip;]<\/p>\n","protected":false},"author":3,"featured_media":12096,"comment_status":"open","ping_status":"open","sticky":false,"template":"","format":"standard","meta":{"footnotes":""},"categories":[11,22],"tags":[],"class_list":["post-12095","post","type-post","status-publish","format-standard","has-post-thumbnail","hentry","category-mundo","category-meio-ambiente"],"_links":{"self":[{"href":"https:\/\/diarionews.com.br\/index.php?rest_route=\/wp\/v2\/posts\/12095","targetHints":{"allow":["GET"]}}],"collection":[{"href":"https:\/\/diarionews.com.br\/index.php?rest_route=\/wp\/v2\/posts"}],"about":[{"href":"https:\/\/diarionews.com.br\/index.php?rest_route=\/wp\/v2\/types\/post"}],"author":[{"embeddable":true,"href":"https:\/\/diarionews.com.br\/index.php?rest_route=\/wp\/v2\/users\/3"}],"replies":[{"embeddable":true,"href":"https:\/\/diarionews.com.br\/index.php?rest_route=%2Fwp%2Fv2%2Fcomments&post=12095"}],"version-history":[{"count":1,"href":"https:\/\/diarionews.com.br\/index.php?rest_route=\/wp\/v2\/posts\/12095\/revisions"}],"predecessor-version":[{"id":12097,"href":"https:\/\/diarionews.com.br\/index.php?rest_route=\/wp\/v2\/posts\/12095\/revisions\/12097"}],"wp:featuredmedia":[{"embeddable":true,"href":"https:\/\/diarionews.com.br\/index.php?rest_route=\/wp\/v2\/media\/12096"}],"wp:attachment":[{"href":"https:\/\/diarionews.com.br\/index.php?rest_route=%2Fwp%2Fv2%2Fmedia&parent=12095"}],"wp:term":[{"taxonomy":"category","embeddable":true,"href":"https:\/\/diarionews.com.br\/index.php?rest_route=%2Fwp%2Fv2%2Fcategories&post=12095"},{"taxonomy":"post_tag","embeddable":true,"href":"https:\/\/diarionews.com.br\/index.php?rest_route=%2Fwp%2Fv2%2Ftags&post=12095"}],"curies":[{"name":"wp","href":"https:\/\/api.w.org\/{rel}","templated":true}]}}