{"id":12090,"date":"2026-07-18T06:49:15","date_gmt":"2026-07-18T10:49:15","guid":{"rendered":"https:\/\/diarionews.com.br\/?p=12090"},"modified":"2026-07-18T06:49:16","modified_gmt":"2026-07-18T10:49:16","slug":"flavio-bolsonaro-gera-polemica-ao-usar-termo-sobre-michelle","status":"publish","type":"post","link":"https:\/\/diarionews.com.br\/?p=12090","title":{"rendered":"Fl\u00e1vio Bolsonaro gera pol\u00eamica ao usar termo sobre Michelle"},"content":{"rendered":"\n<p>O senador Fl\u00e1vio Bolsonaro (PL) provocou repercuss\u00e3o pol\u00edtica ap\u00f3s uma declara\u00e7\u00e3o em que afirmou que teria \u201cestancado\u201d uma situa\u00e7\u00e3o envolvendo Michelle Bolsonaro caso ela n\u00e3o fosse sua madrasta. A fala foi divulgada em meio ao desgaste p\u00fablico entre os dois integrantes da fam\u00edlia do ex-presidente Jair Bolsonaro.<\/p>\n\n\n\n<p>A express\u00e3o usada pelo senador chamou aten\u00e7\u00e3o nas redes sociais e entre comentaristas pol\u00edticos. No contexto apresentado, o termo \u201cestancar\u201d significa conter, interromper ou encerrar uma situa\u00e7\u00e3o considerada problem\u00e1tica. A palavra, que originalmente remete \u00e0 ideia de impedir um vazamento ou uma hemorragia, passou a ser usada tamb\u00e9m na linguagem cotidiana com o sentido de frear um problema.<\/p>\n\n\n\n<p>O epis\u00f3dio faz parte de uma sequ\u00eancia de atritos envolvendo integrantes do grupo pol\u00edtico ligado a Jair Bolsonaro. Michelle Bolsonaro e Fl\u00e1vio Bolsonaro passaram a trocar cr\u00edticas p\u00fablicas, ampliando uma disputa interna em torno de posicionamentos pol\u00edticos e da condu\u00e7\u00e3o da imagem da fam\u00edlia durante o per\u00edodo que antecede as elei\u00e7\u00f5es de 2026.<\/p>\n\n\n\n<p>Al\u00e9m da disputa familiar e pol\u00edtica, o cen\u00e1rio ocorre em meio a decis\u00f5es judiciais envolvendo Jair Bolsonaro e seus aliados. Fl\u00e1vio tem criticado medidas determinadas pelo ministro Alexandre de Moraes, do STF, enquanto o tribunal mant\u00e9m restri\u00e7\u00f5es relacionadas ao ex-presidente durante o per\u00edodo eleitoral.<\/p>\n\n\n\n<p>A declara\u00e7\u00e3o de Fl\u00e1vio Bolsonaro aumentou a exposi\u00e7\u00e3o do conflito dentro do grupo pol\u00edtico e gerou novos debates sobre a rela\u00e7\u00e3o entre os integrantes da fam\u00edlia. At\u00e9 o momento, os envolvidos n\u00e3o anunciaram uma concilia\u00e7\u00e3o p\u00fablica sobre o epis\u00f3dio.<\/p>\n","protected":false},"excerpt":{"rendered":"<p>O senador Fl\u00e1vio Bolsonaro (PL) provocou repercuss\u00e3o pol\u00edtica ap\u00f3s uma declara\u00e7\u00e3o em que afirmou que teria \u201cestancado\u201d uma situa\u00e7\u00e3o envolvendo Michelle Bolsonaro caso ela n\u00e3o fosse sua madrasta. A fala foi divulgada em meio ao desgaste p\u00fablico entre os dois integrantes da fam\u00edlia do ex-presidente Jair Bolsonaro. A express\u00e3o usada pelo senador chamou aten\u00e7\u00e3o nas [&hellip;]<\/p>\n","protected":false},"author":3,"featured_media":6500,"comment_status":"open","ping_status":"open","sticky":false,"template":"","format":"standard","meta":{"footnotes":""},"categories":[12],"tags":[956],"class_list":["post-12090","post","type-post","status-publish","format-standard","has-post-thumbnail","hentry","category-nacionais","tag-importante"],"_links":{"self":[{"href":"https:\/\/diarionews.com.br\/index.php?rest_route=\/wp\/v2\/posts\/12090","targetHints":{"allow":["GET"]}}],"collection":[{"href":"https:\/\/diarionews.com.br\/index.php?rest_route=\/wp\/v2\/posts"}],"about":[{"href":"https:\/\/diarionews.com.br\/index.php?rest_route=\/wp\/v2\/types\/post"}],"author":[{"embeddable":true,"href":"https:\/\/diarionews.com.br\/index.php?rest_route=\/wp\/v2\/users\/3"}],"replies":[{"embeddable":true,"href":"https:\/\/diarionews.com.br\/index.php?rest_route=%2Fwp%2Fv2%2Fcomments&post=12090"}],"version-history":[{"count":1,"href":"https:\/\/diarionews.com.br\/index.php?rest_route=\/wp\/v2\/posts\/12090\/revisions"}],"predecessor-version":[{"id":12091,"href":"https:\/\/diarionews.com.br\/index.php?rest_route=\/wp\/v2\/posts\/12090\/revisions\/12091"}],"wp:featuredmedia":[{"embeddable":true,"href":"https:\/\/diarionews.com.br\/index.php?rest_route=\/wp\/v2\/media\/6500"}],"wp:attachment":[{"href":"https:\/\/diarionews.com.br\/index.php?rest_route=%2Fwp%2Fv2%2Fmedia&parent=12090"}],"wp:term":[{"taxonomy":"category","embeddable":true,"href":"https:\/\/diarionews.com.br\/index.php?rest_route=%2Fwp%2Fv2%2Fcategories&post=12090"},{"taxonomy":"post_tag","embeddable":true,"href":"https:\/\/diarionews.com.br\/index.php?rest_route=%2Fwp%2Fv2%2Ftags&post=12090"}],"curies":[{"name":"wp","href":"https:\/\/api.w.org\/{rel}","templated":true}]}}