{"id":12088,"date":"2026-07-18T10:46:00","date_gmt":"2026-07-18T14:46:00","guid":{"rendered":"https:\/\/diarionews.com.br\/?p=12088"},"modified":"2026-07-18T19:17:18","modified_gmt":"2026-07-18T23:17:18","slug":"eduardo-bolsonaro-pede-apoio-a-trump-apos-tarifa-contra-brasil","status":"publish","type":"post","link":"https:\/\/diarionews.com.br\/?p=12088","title":{"rendered":"Eduardo Bolsonaro pede apoio a Trump ap\u00f3s tarifa contra Brasil"},"content":{"rendered":"\n<p>O deputado federal licenciado Eduardo Bolsonaro (PL-SP) pediu que seus seguidores agradecessem ao presidente dos Estados Unidos, Donald Trump, ap\u00f3s o an\u00fancio de uma tarifa de 50% sobre produtos brasileiros importados pelo mercado norte-americano. A manifesta\u00e7\u00e3o foi publicada nas redes sociais ap\u00f3s a divulga\u00e7\u00e3o da medida pelo governo dos Estados Unidos, em julho de 2025.<\/p>\n\n\n\n<p>Na publica\u00e7\u00e3o, Eduardo Bolsonaro convocou apoiadores a deixarem mensagens de agradecimento ao presidente norte-americano e associou a decis\u00e3o \u00e0 possibilidade de aplica\u00e7\u00e3o da Lei Magnitsky, instrumento dos Estados Unidos usado para impor san\u00e7\u00f5es contra pessoas acusadas de corrup\u00e7\u00e3o ou viola\u00e7\u00f5es de direitos humanos. \u201cColoque o seu agradecimento ao Presidente Donald Trump abaixo e vamos rumo \u00e0 lei Magnistky!\u201d, escreveu o parlamentar licenciado.<\/p>\n\n\n\n<p>O an\u00fancio da tarifa provocou uma disputa pol\u00edtica entre integrantes do governo brasileiro e aliados do ex-presidente Jair Bolsonaro. Enquanto o governo Luiz In\u00e1cio Lula da Silva classificou a medida como uma a\u00e7\u00e3o injustificada e com poss\u00edvel motiva\u00e7\u00e3o pol\u00edtica, aliados de Bolsonaro defenderam a iniciativa de Trump e atribu\u00edram a decis\u00e3o a quest\u00f5es envolvendo o cen\u00e1rio pol\u00edtico brasileiro.<\/p>\n\n\n\n<p>A medida norte-americana tamb\u00e9m aumentou a tens\u00e3o diplom\u00e1tica entre Brasil e Estados Unidos. Segundo autoridades brasileiras, o pa\u00eds poderia adotar medidas de reciprocidade e buscar alternativas dentro das regras internacionais de com\u00e9rcio. O epis\u00f3dio passou a ter impacto no debate pol\u00edtico nacional, especialmente pela proximidade das elei\u00e7\u00f5es de 2026 e pela atua\u00e7\u00e3o de integrantes da fam\u00edlia Bolsonaro no di\u00e1logo com setores ligados ao governo Trump.<\/p>\n\n\n\n<p>A manifesta\u00e7\u00e3o de Eduardo Bolsonaro refor\u00e7ou a estrat\u00e9gia de aproxima\u00e7\u00e3o com o governo norte-americano e ampliou a discuss\u00e3o sobre os efeitos econ\u00f4micos e pol\u00edticos da tarifa. O caso segue sendo acompanhado por autoridades dos dois pa\u00edses, enquanto setores produtivos brasileiros avaliam poss\u00edveis impactos sobre exporta\u00e7\u00f5es e rela\u00e7\u00f5es comerciais bilaterais.<\/p>\n","protected":false},"excerpt":{"rendered":"<p>O deputado federal licenciado Eduardo Bolsonaro (PL-SP) pediu que seus seguidores agradecessem ao presidente dos Estados Unidos, Donald Trump, ap\u00f3s o an\u00fancio de uma tarifa de 50% sobre produtos brasileiros importados pelo mercado norte-americano. A manifesta\u00e7\u00e3o foi publicada nas redes sociais ap\u00f3s a divulga\u00e7\u00e3o da medida pelo governo dos Estados Unidos, em julho de 2025. [&hellip;]<\/p>\n","protected":false},"author":3,"featured_media":1867,"comment_status":"open","ping_status":"open","sticky":false,"template":"","format":"standard","meta":{"footnotes":""},"categories":[19],"tags":[],"class_list":["post-12088","post","type-post","status-publish","format-standard","has-post-thumbnail","hentry","category-politica"],"_links":{"self":[{"href":"https:\/\/diarionews.com.br\/index.php?rest_route=\/wp\/v2\/posts\/12088","targetHints":{"allow":["GET"]}}],"collection":[{"href":"https:\/\/diarionews.com.br\/index.php?rest_route=\/wp\/v2\/posts"}],"about":[{"href":"https:\/\/diarionews.com.br\/index.php?rest_route=\/wp\/v2\/types\/post"}],"author":[{"embeddable":true,"href":"https:\/\/diarionews.com.br\/index.php?rest_route=\/wp\/v2\/users\/3"}],"replies":[{"embeddable":true,"href":"https:\/\/diarionews.com.br\/index.php?rest_route=%2Fwp%2Fv2%2Fcomments&post=12088"}],"version-history":[{"count":1,"href":"https:\/\/diarionews.com.br\/index.php?rest_route=\/wp\/v2\/posts\/12088\/revisions"}],"predecessor-version":[{"id":12089,"href":"https:\/\/diarionews.com.br\/index.php?rest_route=\/wp\/v2\/posts\/12088\/revisions\/12089"}],"wp:featuredmedia":[{"embeddable":true,"href":"https:\/\/diarionews.com.br\/index.php?rest_route=\/wp\/v2\/media\/1867"}],"wp:attachment":[{"href":"https:\/\/diarionews.com.br\/index.php?rest_route=%2Fwp%2Fv2%2Fmedia&parent=12088"}],"wp:term":[{"taxonomy":"category","embeddable":true,"href":"https:\/\/diarionews.com.br\/index.php?rest_route=%2Fwp%2Fv2%2Fcategories&post=12088"},{"taxonomy":"post_tag","embeddable":true,"href":"https:\/\/diarionews.com.br\/index.php?rest_route=%2Fwp%2Fv2%2Ftags&post=12088"}],"curies":[{"name":"wp","href":"https:\/\/api.w.org\/{rel}","templated":true}]}}